{"id":6760,"date":"2026-03-12T11:32:08","date_gmt":"2026-03-12T10:32:08","guid":{"rendered":"https:\/\/labex-entreprendre.fr\/?p=6760"},"modified":"2026-03-12T11:33:52","modified_gmt":"2026-03-12T10:33:52","slug":"journees-detude-transition-versus-bifurcation","status":"publish","type":"post","link":"https:\/\/labex-entreprendre.fr\/?p=6760","title":{"rendered":"Journ\u00e9es d\u2019\u00e9tude \u2013 Transition versus Bifurcation"},"content":{"rendered":"[et_pb_section fb_built=\u00a0\u00bb1&Prime; _builder_version=\u00a0\u00bb4.27.4&Prime; _module_preset=\u00a0\u00bbdefault\u00a0\u00bb global_colors_info=\u00a0\u00bb{}\u00a0\u00bb][et_pb_row _builder_version=\u00a0\u00bb4.27.4&Prime; _module_preset=\u00a0\u00bbdefault\u00a0\u00bb global_colors_info=\u00a0\u00bb{}\u00a0\u00bb][et_pb_column type=\u00a0\u00bb4_4&Prime; _builder_version=\u00a0\u00bb4.27.4&Prime; _module_preset=\u00a0\u00bbdefault\u00a0\u00bb global_colors_info=\u00a0\u00bb{}\u00a0\u00bb][et_pb_heading title=\u00a0\u00bbcomprendre les transformations du monde contemporain\u00a0\u00bb _builder_version=\u00a0\u00bb4.27.4&Prime; _module_preset=\u00a0\u00bbdefault\u00a0\u00bb hover_enabled=\u00a0\u00bb0&Prime; sticky_enabled=\u00a0\u00bb0&Prime; title_font=\u00a0\u00bb|700||on|||||\u00a0\u00bb][\/et_pb_heading][et_pb_text _builder_version=\u00a0\u00bb4.27.4&Prime; _module_preset=\u00a0\u00bbdefault\u00a0\u00bb global_colors_info=\u00a0\u00bb{}\u00a0\u00bb]<p><\/p>\n<p>Les <strong>18 et 19 mars 2026<\/strong>, la <strong>Facult\u00e9 d\u2019\u00c9ducation de l\u2019Universit\u00e9 de Montpellier<\/strong> accueille les <strong>Journ\u00e9es d\u2019\u00e9tude \u201cTransition versus Bifurcation\u201d<\/strong>, consacr\u00e9es \u00e0 une question centrale pour comprendre les transformations contemporaines :<\/p>\n<p> <\/p>\n<p><strong>Comment interpr\u00e9ter les changements du monde entre transitions progressives et bifurcations radicales ?<\/strong><\/p>\n<p> <\/p>\n<p>Cet \u00e9v\u00e9nement scientifique propose de croiser les regards de <strong>chercheurs, philosophes, ing\u00e9nieurs, artistes et acteurs de terrain<\/strong> afin d\u2019explorer les formes d\u2019actions individuelles et collectives face aux crises et aux incertitudes actuelles.<\/p>\n<p><\/p>[\/et_pb_text][et_pb_text _builder_version=\u00a0\u00bb4.27.4&Prime; _module_preset=\u00a0\u00bbdefault\u00a0\u00bb hover_enabled=\u00a0\u00bb0&Prime; sticky_enabled=\u00a0\u00bb0&Prime;]<h3 class=\"wp-block-heading\">Au programme :<\/h3>\n<ul>\n<li style=\"list-style-type: none;\">\n<ul>\n<li style=\"list-style-type: none;\">\n<ul>\n<li><strong>Conf\u00e9rence pl\u00e9ni\u00e8re<\/strong> de la philosophe <strong>Catherine Larr\u00e8re<\/strong> : <em>\u00ab Transitions, bifurcations, crises : quels r\u00e9cits pour notre temps ? \u00bb<\/em><\/li>\n<li><strong>Tables rondes interdisciplinaires<\/strong> autour de l\u2019action en situation d\u2019incertitude.<\/li>\n<li><strong>Ateliers participatifs<\/strong> destin\u00e9s aux enseignants, \u00e9tudiants, ing\u00e9nieurs, responsables RSE\/RSO et acteurs des politiques de transition.<\/li>\n<\/ul>\n<\/li>\n<\/ul>\n<\/li>\n<\/ul>[\/et_pb_text][et_pb_text _builder_version=\u00a0\u00bb4.27.4&Prime; _module_preset=\u00a0\u00bbdefault\u00a0\u00bb hover_enabled=\u00a0\u00bb0&Prime; sticky_enabled=\u00a0\u00bb0&Prime;]<p>Ces journ\u00e9es visent \u00e0 <strong>ouvrir un espace de r\u00e9flexion interdisciplinaire<\/strong> sur les mod\u00e8les de transformation sociale, environnementale et technologique, en questionnant notamment les limites des approches lin\u00e9aires face aux dynamiques complexes du monde actuel.<\/p>[\/et_pb_text][dsm_text_divider _builder_version=\u00a0\u00bb4.27.4&Prime; _module_preset=\u00a0\u00bbdefault\u00a0\u00bb header=\u00a0\u00bbinformations pratiques\u00a0\u00bb header_font=\u00a0\u00bb|||on|||||\u00a0\u00bb hover_enabled=\u00a0\u00bb0&Prime; sticky_enabled=\u00a0\u00bb0&Prime;][\/dsm_text_divider][et_pb_text _builder_version=\u00a0\u00bb4.27.4&Prime; _module_preset=\u00a0\u00bbdefault\u00a0\u00bb hover_enabled=\u00a0\u00bb0&Prime; sticky_enabled=\u00a0\u00bb0&Prime; box_shadow_style=\u00a0\u00bbpreset1&Prime;]<p>\ud83d\udccd <strong>Lieu :<\/strong> Amphi H \u2013 Facult\u00e9 d\u2019\u00c9ducation, Universit\u00e9 de Montpellier<br \/>\ud83d\udcc5 <strong>Dates :<\/strong> 18\u201319 mars 2026<\/p>[\/et_pb_text][et_pb_text _builder_version=\u00a0\u00bb4.27.4&Prime; _module_preset=\u00a0\u00bbdefault\u00a0\u00bb hover_enabled=\u00a0\u00bb0&Prime; sticky_enabled=\u00a0\u00bb0&Prime;]<p>Cet \u00e9v\u00e9nement s\u2019adresse \u00e0 <strong>la communaut\u00e9 acad\u00e9mique, aux professionnels de la transition et \u00e0 toute personne int\u00e9ress\u00e9e par les enjeux contemporains de transformation soci\u00e9tale.<\/strong><\/p>[\/et_pb_text][et_pb_button button_text=\u00a0\u00bbConsulter le programme complet\u00a0\u00bb _builder_version=\u00a0\u00bb4.27.4&Prime; _module_preset=\u00a0\u00bbdefault\u00a0\u00bb custom_button=\u00a0\u00bbon\u00a0\u00bb button_text_color=\u00a0\u00bb#8E2DAF\u00a0\u00bb hover_enabled=\u00a0\u00bb0&Prime; sticky_enabled=\u00a0\u00bb0&Prime; button_url=\u00a0\u00bbhttps:\/\/labex-entreprendre.fr\/wp-content\/uploads\/2026\/03\/Programme-JE_Transition-vs-Bifurcation.pdf\u00a0\u00bb][\/et_pb_button][\/et_pb_column][\/et_pb_row][et_pb_row _builder_version=\u00a0\u00bb4.27.4&Prime; _module_preset=\u00a0\u00bbdefault\u00a0\u00bb][et_pb_column _builder_version=\u00a0\u00bb4.27.4&Prime; _module_preset=\u00a0\u00bbdefault\u00a0\u00bb type=\u00a0\u00bb4_4&Prime;][et_pb_text _builder_version=\u00a0\u00bb4.27.4&Prime; _module_preset=\u00a0\u00bbdefault\u00a0\u00bb hover_enabled=\u00a0\u00bb0&Prime; sticky_enabled=\u00a0\u00bb0&Prime;]<p><\/p>\n<p>Entr\u00e9e libre sur inscription par mail :\u00a0<\/p>\n<p> <\/p>\n<p><a href=\"mailto:cecile.bourgade@umontpellier.fr\" target=\"_blank\" rel=\"noreferrer noopener\">muriel.guedj@umontpellier.fr<\/a><\/p>\n<p> <\/p>\n<p><a href=\"mailto:cecile.bourgade@umontpellier.fr\" target=\"_blank\" rel=\"noreferrer noopener\">caroline.blanvillain@umontpellier.fr<\/a><\/p>\n<p> <\/p>\n<p>&nbsp;<\/p>\n<p><\/p>[\/et_pb_text][\/et_pb_column][\/et_pb_row][\/et_pb_section]","protected":false},"excerpt":{"rendered":"<p>Les 18 et 19 mars 2026, la Facult\u00e9 d\u2019\u00c9ducation de l\u2019Universit\u00e9 de Montpellier accueille les Journ\u00e9es d\u2019\u00e9tude \u201cTransition versus Bifurcation\u201d, consacr\u00e9es \u00e0 une question centrale pour comprendre les transformations contemporaines : Comment interpr\u00e9ter les changements du monde entre transitions progressives et bifurcations radicales ? Cet \u00e9v\u00e9nement scientifique propose de croiser les regards de chercheurs, philosophes, [&hellip;]<\/p>\n","protected":false},"author":5,"featured_media":6761,"comment_status":"closed","ping_status":"closed","sticky":false,"template":"","format":"standard","meta":{"_et_pb_use_builder":"on","_et_pb_old_content":"","_et_gb_content_width":"","footnotes":""},"categories":[4],"tags":[],"class_list":["post-6760","post","type-post","status-publish","format-standard","has-post-thumbnail","hentry","category-actualite"],"yoast_head":"<!-- This site is optimized with the Yoast SEO plugin v23.4 - https:\/\/yoast.com\/wordpress\/plugins\/seo\/ -->\n<title>Journ\u00e9es d\u2019\u00e9tude \u2013 Transition versus Bifurcation - Lab Entreprendre<\/title>\n<meta name=\"robots\" content=\"index, follow, max-snippet:-1, max-image-preview:large, max-video-preview:-1\" \/>\n<link rel=\"canonical\" href=\"https:\/\/labex-entreprendre.fr\/?p=6760\" \/>\n<meta property=\"og:locale\" content=\"fr_FR\" \/>\n<meta property=\"og:type\" content=\"article\" \/>\n<meta property=\"og:title\" content=\"Journ\u00e9es d\u2019\u00e9tude \u2013 Transition versus Bifurcation - Lab Entreprendre\" \/>\n<meta property=\"og:description\" content=\"Les 18 et 19 mars 2026, la Facult\u00e9 d\u2019\u00c9ducation de l\u2019Universit\u00e9 de Montpellier accueille les Journ\u00e9es d\u2019\u00e9tude \u201cTransition versus Bifurcation\u201d, consacr\u00e9es \u00e0 une question centrale pour comprendre les transformations contemporaines : Comment interpr\u00e9ter les changements du monde entre transitions progressives et bifurcations radicales ? Cet \u00e9v\u00e9nement scientifique propose de croiser les regards de chercheurs, philosophes, [&hellip;]\" \/>\n<meta property=\"og:url\" content=\"https:\/\/labex-entreprendre.fr\/?p=6760\" \/>\n<meta property=\"og:site_name\" content=\"Lab Entreprendre\" \/>\n<meta property=\"article:published_time\" content=\"2026-03-12T10:32:08+00:00\" \/>\n<meta property=\"article:modified_time\" content=\"2026-03-12T10:33:52+00:00\" \/>\n<meta property=\"og:image\" content=\"https:\/\/labex-entreprendre.fr\/wp-content\/uploads\/2026\/03\/visuel-actualite.png\" \/>\n\t<meta property=\"og:image:width\" content=\"723\" \/>\n\t<meta property=\"og:image:height\" content=\"385\" \/>\n\t<meta property=\"og:image:type\" content=\"image\/png\" \/>\n<meta name=\"author\" content=\"Karine\" \/>\n<meta name=\"twitter:card\" content=\"summary_large_image\" \/>\n<meta name=\"twitter:label1\" content=\"\u00c9crit par\" \/>\n\t<meta name=\"twitter:data1\" content=\"Karine\" \/>\n\t<meta name=\"twitter:label2\" content=\"Dur\u00e9e de lecture estim\u00e9e\" \/>\n\t<meta name=\"twitter:data2\" content=\"1 minute\" \/>\n<script type=\"application\/ld+json\" class=\"yoast-schema-graph\">{\"@context\":\"https:\/\/schema.org\",\"@graph\":[{\"@type\":\"WebPage\",\"@id\":\"https:\/\/labex-entreprendre.fr\/?p=6760\",\"url\":\"https:\/\/labex-entreprendre.fr\/?p=6760\",\"name\":\"Journ\u00e9es d\u2019\u00e9tude \u2013 Transition versus Bifurcation - Lab Entreprendre\",\"isPartOf\":{\"@id\":\"https:\/\/labex-entreprendre.fr\/#website\"},\"primaryImageOfPage\":{\"@id\":\"https:\/\/labex-entreprendre.fr\/?p=6760#primaryimage\"},\"image\":{\"@id\":\"https:\/\/labex-entreprendre.fr\/?p=6760#primaryimage\"},\"thumbnailUrl\":\"https:\/\/labex-entreprendre.fr\/wp-content\/uploads\/2026\/03\/visuel-actualite.png\",\"datePublished\":\"2026-03-12T10:32:08+00:00\",\"dateModified\":\"2026-03-12T10:33:52+00:00\",\"author\":{\"@id\":\"https:\/\/labex-entreprendre.fr\/#\/schema\/person\/b5a3758f0cf9881aa36230f17497fa6a\"},\"breadcrumb\":{\"@id\":\"https:\/\/labex-entreprendre.fr\/?p=6760#breadcrumb\"},\"inLanguage\":\"fr-FR\",\"potentialAction\":[{\"@type\":\"ReadAction\",\"target\":[\"https:\/\/labex-entreprendre.fr\/?p=6760\"]}]},{\"@type\":\"ImageObject\",\"inLanguage\":\"fr-FR\",\"@id\":\"https:\/\/labex-entreprendre.fr\/?p=6760#primaryimage\",\"url\":\"https:\/\/labex-entreprendre.fr\/wp-content\/uploads\/2026\/03\/visuel-actualite.png\",\"contentUrl\":\"https:\/\/labex-entreprendre.fr\/wp-content\/uploads\/2026\/03\/visuel-actualite.png\",\"width\":723,\"height\":385,\"caption\":\"Journ\u00e9es d\u2019\u00e9tude Transition versus Bifurcation \u2013 Universit\u00e9 de Montpellier, mars 2026\"},{\"@type\":\"BreadcrumbList\",\"@id\":\"https:\/\/labex-entreprendre.fr\/?p=6760#breadcrumb\",\"itemListElement\":[{\"@type\":\"ListItem\",\"position\":1,\"name\":\"Home\",\"item\":\"https:\/\/labex-entreprendre.fr\/\"},{\"@type\":\"ListItem\",\"position\":2,\"name\":\"Journ\u00e9es d\u2019\u00e9tude \u2013 Transition versus Bifurcation\"}]},{\"@type\":\"WebSite\",\"@id\":\"https:\/\/labex-entreprendre.fr\/#website\",\"url\":\"https:\/\/labex-entreprendre.fr\/\",\"name\":\"Lab Entreprendre\",\"description\":\"Universit\u00e9 de Montpellier\",\"potentialAction\":[{\"@type\":\"SearchAction\",\"target\":{\"@type\":\"EntryPoint\",\"urlTemplate\":\"https:\/\/labex-entreprendre.fr\/?s={search_term_string}\"},\"query-input\":{\"@type\":\"PropertyValueSpecification\",\"valueRequired\":true,\"valueName\":\"search_term_string\"}}],\"inLanguage\":\"fr-FR\"},{\"@type\":\"Person\",\"@id\":\"https:\/\/labex-entreprendre.fr\/#\/schema\/person\/b5a3758f0cf9881aa36230f17497fa6a\",\"name\":\"Karine\",\"image\":{\"@type\":\"ImageObject\",\"inLanguage\":\"fr-FR\",\"@id\":\"https:\/\/labex-entreprendre.fr\/#\/schema\/person\/image\/\",\"url\":\"https:\/\/secure.gravatar.com\/avatar\/9b2cc07858f32b5717a43dbcadf20ee0ca2d4e6afed8ae1946bc59ca5f1d46ab?s=96&d=mm&r=g\",\"contentUrl\":\"https:\/\/secure.gravatar.com\/avatar\/9b2cc07858f32b5717a43dbcadf20ee0ca2d4e6afed8ae1946bc59ca5f1d46ab?s=96&d=mm&r=g\",\"caption\":\"Karine\"},\"url\":\"https:\/\/labex-entreprendre.fr\/?author=5\"}]}<\/script>\n<!-- \/ Yoast SEO plugin. -->","yoast_head_json":{"title":"Journ\u00e9es d\u2019\u00e9tude \u2013 Transition versus Bifurcation - Lab Entreprendre","robots":{"index":"index","follow":"follow","max-snippet":"max-snippet:-1","max-image-preview":"max-image-preview:large","max-video-preview":"max-video-preview:-1"},"canonical":"https:\/\/labex-entreprendre.fr\/?p=6760","og_locale":"fr_FR","og_type":"article","og_title":"Journ\u00e9es d\u2019\u00e9tude \u2013 Transition versus Bifurcation - Lab Entreprendre","og_description":"Les 18 et 19 mars 2026, la Facult\u00e9 d\u2019\u00c9ducation de l\u2019Universit\u00e9 de Montpellier accueille les Journ\u00e9es d\u2019\u00e9tude \u201cTransition versus Bifurcation\u201d, consacr\u00e9es \u00e0 une question centrale pour comprendre les transformations contemporaines : Comment interpr\u00e9ter les changements du monde entre transitions progressives et bifurcations radicales ? Cet \u00e9v\u00e9nement scientifique propose de croiser les regards de chercheurs, philosophes, [&hellip;]","og_url":"https:\/\/labex-entreprendre.fr\/?p=6760","og_site_name":"Lab Entreprendre","article_published_time":"2026-03-12T10:32:08+00:00","article_modified_time":"2026-03-12T10:33:52+00:00","og_image":[{"width":723,"height":385,"url":"https:\/\/labex-entreprendre.fr\/wp-content\/uploads\/2026\/03\/visuel-actualite.png","type":"image\/png"}],"author":"Karine","twitter_card":"summary_large_image","twitter_misc":{"\u00c9crit par":"Karine","Dur\u00e9e de lecture estim\u00e9e":"1 minute"},"schema":{"@context":"https:\/\/schema.org","@graph":[{"@type":"WebPage","@id":"https:\/\/labex-entreprendre.fr\/?p=6760","url":"https:\/\/labex-entreprendre.fr\/?p=6760","name":"Journ\u00e9es d\u2019\u00e9tude \u2013 Transition versus Bifurcation - Lab Entreprendre","isPartOf":{"@id":"https:\/\/labex-entreprendre.fr\/#website"},"primaryImageOfPage":{"@id":"https:\/\/labex-entreprendre.fr\/?p=6760#primaryimage"},"image":{"@id":"https:\/\/labex-entreprendre.fr\/?p=6760#primaryimage"},"thumbnailUrl":"https:\/\/labex-entreprendre.fr\/wp-content\/uploads\/2026\/03\/visuel-actualite.png","datePublished":"2026-03-12T10:32:08+00:00","dateModified":"2026-03-12T10:33:52+00:00","author":{"@id":"https:\/\/labex-entreprendre.fr\/#\/schema\/person\/b5a3758f0cf9881aa36230f17497fa6a"},"breadcrumb":{"@id":"https:\/\/labex-entreprendre.fr\/?p=6760#breadcrumb"},"inLanguage":"fr-FR","potentialAction":[{"@type":"ReadAction","target":["https:\/\/labex-entreprendre.fr\/?p=6760"]}]},{"@type":"ImageObject","inLanguage":"fr-FR","@id":"https:\/\/labex-entreprendre.fr\/?p=6760#primaryimage","url":"https:\/\/labex-entreprendre.fr\/wp-content\/uploads\/2026\/03\/visuel-actualite.png","contentUrl":"https:\/\/labex-entreprendre.fr\/wp-content\/uploads\/2026\/03\/visuel-actualite.png","width":723,"height":385,"caption":"Journ\u00e9es d\u2019\u00e9tude Transition versus Bifurcation \u2013 Universit\u00e9 de Montpellier, mars 2026"},{"@type":"BreadcrumbList","@id":"https:\/\/labex-entreprendre.fr\/?p=6760#breadcrumb","itemListElement":[{"@type":"ListItem","position":1,"name":"Home","item":"https:\/\/labex-entreprendre.fr\/"},{"@type":"ListItem","position":2,"name":"Journ\u00e9es d\u2019\u00e9tude \u2013 Transition versus Bifurcation"}]},{"@type":"WebSite","@id":"https:\/\/labex-entreprendre.fr\/#website","url":"https:\/\/labex-entreprendre.fr\/","name":"Lab Entreprendre","description":"Universit\u00e9 de Montpellier","potentialAction":[{"@type":"SearchAction","target":{"@type":"EntryPoint","urlTemplate":"https:\/\/labex-entreprendre.fr\/?s={search_term_string}"},"query-input":{"@type":"PropertyValueSpecification","valueRequired":true,"valueName":"search_term_string"}}],"inLanguage":"fr-FR"},{"@type":"Person","@id":"https:\/\/labex-entreprendre.fr\/#\/schema\/person\/b5a3758f0cf9881aa36230f17497fa6a","name":"Karine","image":{"@type":"ImageObject","inLanguage":"fr-FR","@id":"https:\/\/labex-entreprendre.fr\/#\/schema\/person\/image\/","url":"https:\/\/secure.gravatar.com\/avatar\/9b2cc07858f32b5717a43dbcadf20ee0ca2d4e6afed8ae1946bc59ca5f1d46ab?s=96&d=mm&r=g","contentUrl":"https:\/\/secure.gravatar.com\/avatar\/9b2cc07858f32b5717a43dbcadf20ee0ca2d4e6afed8ae1946bc59ca5f1d46ab?s=96&d=mm&r=g","caption":"Karine"},"url":"https:\/\/labex-entreprendre.fr\/?author=5"}]}},"_links":{"self":[{"href":"https:\/\/labex-entreprendre.fr\/index.php?rest_route=\/wp\/v2\/posts\/6760","targetHints":{"allow":["GET"]}}],"collection":[{"href":"https:\/\/labex-entreprendre.fr\/index.php?rest_route=\/wp\/v2\/posts"}],"about":[{"href":"https:\/\/labex-entreprendre.fr\/index.php?rest_route=\/wp\/v2\/types\/post"}],"author":[{"embeddable":true,"href":"https:\/\/labex-entreprendre.fr\/index.php?rest_route=\/wp\/v2\/users\/5"}],"replies":[{"embeddable":true,"href":"https:\/\/labex-entreprendre.fr\/index.php?rest_route=%2Fwp%2Fv2%2Fcomments&post=6760"}],"version-history":[{"count":3,"href":"https:\/\/labex-entreprendre.fr\/index.php?rest_route=\/wp\/v2\/posts\/6760\/revisions"}],"predecessor-version":[{"id":6769,"href":"https:\/\/labex-entreprendre.fr\/index.php?rest_route=\/wp\/v2\/posts\/6760\/revisions\/6769"}],"wp:featuredmedia":[{"embeddable":true,"href":"https:\/\/labex-entreprendre.fr\/index.php?rest_route=\/wp\/v2\/media\/6761"}],"wp:attachment":[{"href":"https:\/\/labex-entreprendre.fr\/index.php?rest_route=%2Fwp%2Fv2%2Fmedia&parent=6760"}],"wp:term":[{"taxonomy":"category","embeddable":true,"href":"https:\/\/labex-entreprendre.fr\/index.php?rest_route=%2Fwp%2Fv2%2Fcategories&post=6760"},{"taxonomy":"post_tag","embeddable":true,"href":"https:\/\/labex-entreprendre.fr\/index.php?rest_route=%2Fwp%2Fv2%2Ftags&post=6760"}],"curies":[{"name":"wp","href":"https:\/\/api.w.org\/{rel}","templated":true}]}}