{"id":6214,"date":"2025-06-06T16:18:47","date_gmt":"2025-06-06T14:18:47","guid":{"rendered":"https:\/\/labex-entreprendre.fr\/?p=6214"},"modified":"2025-06-11T16:21:36","modified_gmt":"2025-06-11T14:21:36","slug":"%f0%9f%8e%ac-clap-de-fin-pour-la-study-visit-uniico-create","status":"publish","type":"post","link":"https:\/\/labex-entreprendre.fr\/?p=6214","title":{"rendered":"\ud83c\udfac Clap de fin pour la Study Visit UNIICo-create !"},"content":{"rendered":"\n[et_pb_section fb_built=\u00a0\u00bb1&Prime; theme_builder_area=\u00a0\u00bbpost_content\u00a0\u00bb _builder_version=\u00a0\u00bb4.27.4&Prime; _module_preset=\u00a0\u00bbdefault\u00a0\u00bb][et_pb_row _builder_version=\u00a0\u00bb4.27.4&Prime; _module_preset=\u00a0\u00bbdefault\u00a0\u00bb column_structure=\u00a0\u00bb1_2,1_2&Prime; theme_builder_area=\u00a0\u00bbpost_content\u00a0\u00bb][et_pb_column _builder_version=\u00a0\u00bb4.27.4&Prime; _module_preset=\u00a0\u00bbdefault\u00a0\u00bb type=\u00a0\u00bb1_2&Prime; theme_builder_area=\u00a0\u00bbpost_content\u00a0\u00bb][et_pb_image src=\u00a0\u00bbhttps:\/\/labex-entreprendre.fr\/wp-content\/uploads\/2025\/06\/2-3.png\u00a0\u00bb _builder_version=\u00a0\u00bb4.27.4&Prime; _module_preset=\u00a0\u00bbdefault\u00a0\u00bb theme_builder_area=\u00a0\u00bbpost_content\u00a0\u00bb hover_enabled=\u00a0\u00bb0&Prime; sticky_enabled=\u00a0\u00bb0&Prime;][\/et_pb_image][\/et_pb_column][et_pb_column _builder_version=\u00a0\u00bb4.27.4&Prime; _module_preset=\u00a0\u00bbdefault\u00a0\u00bb type=\u00a0\u00bb1_2&Prime; theme_builder_area=\u00a0\u00bbpost_content\u00a0\u00bb][et_pb_image src=\u00a0\u00bbhttps:\/\/labex-entreprendre.fr\/wp-content\/uploads\/2025\/06\/3-3.png\u00a0\u00bb _builder_version=\u00a0\u00bb4.27.4&Prime; _module_preset=\u00a0\u00bbdefault\u00a0\u00bb theme_builder_area=\u00a0\u00bbpost_content\u00a0\u00bb hover_enabled=\u00a0\u00bb0&Prime; sticky_enabled=\u00a0\u00bb0&Prime;][\/et_pb_image][\/et_pb_column][\/et_pb_row][et_pb_row _builder_version=\u00a0\u00bb4.27.4&Prime; _module_preset=\u00a0\u00bbdefault\u00a0\u00bb column_structure=\u00a0\u00bb1_2,1_2&Prime; theme_builder_area=\u00a0\u00bbpost_content\u00a0\u00bb][et_pb_column _builder_version=\u00a0\u00bb4.27.4&Prime; _module_preset=\u00a0\u00bbdefault\u00a0\u00bb type=\u00a0\u00bb1_2&Prime; theme_builder_area=\u00a0\u00bbpost_content\u00a0\u00bb][et_pb_image src=\u00a0\u00bbhttps:\/\/labex-entreprendre.fr\/wp-content\/uploads\/2025\/06\/4-3.png\u00a0\u00bb _builder_version=\u00a0\u00bb4.27.4&Prime; _module_preset=\u00a0\u00bbdefault\u00a0\u00bb theme_builder_area=\u00a0\u00bbpost_content\u00a0\u00bb hover_enabled=\u00a0\u00bb0&Prime; sticky_enabled=\u00a0\u00bb0&Prime;][\/et_pb_image][\/et_pb_column][et_pb_column _builder_version=\u00a0\u00bb4.27.4&Prime; _module_preset=\u00a0\u00bbdefault\u00a0\u00bb type=\u00a0\u00bb1_2&Prime; theme_builder_area=\u00a0\u00bbpost_content\u00a0\u00bb][et_pb_image src=\u00a0\u00bbhttps:\/\/labex-entreprendre.fr\/wp-content\/uploads\/2025\/06\/5-2.png\u00a0\u00bb _builder_version=\u00a0\u00bb4.27.4&Prime; _module_preset=\u00a0\u00bbdefault\u00a0\u00bb theme_builder_area=\u00a0\u00bbpost_content\u00a0\u00bb hover_enabled=\u00a0\u00bb0&Prime; sticky_enabled=\u00a0\u00bb0&Prime;][\/et_pb_image][\/et_pb_column][\/et_pb_row][et_pb_row _builder_version=\u00a0\u00bb4.27.4&Prime; _module_preset=\u00a0\u00bbdefault\u00a0\u00bb theme_builder_area=\u00a0\u00bbpost_content\u00a0\u00bb][et_pb_column _builder_version=\u00a0\u00bb4.27.4&Prime; _module_preset=\u00a0\u00bbdefault\u00a0\u00bb type=\u00a0\u00bb4_4&Prime; theme_builder_area=\u00a0\u00bbpost_content\u00a0\u00bb][et_pb_text _builder_version=\u00a0\u00bb4.27.4&Prime; _module_preset=\u00a0\u00bbdefault\u00a0\u00bb theme_builder_area=\u00a0\u00bbpost_content\u00a0\u00bb hover_enabled=\u00a0\u00bb0&Prime; sticky_enabled=\u00a0\u00bb0&Prime;]<p><span>Cette derni\u00e8re journ\u00e9e a mis l\u2019accent sur l\u2019accompagnement concret des porteur\u00b7euse\u00b7s de projets entrepreneuriaux au sein de l\u2019<\/span><a class=\"TmJiHDkCwsWGoiJpZeiUKlBISMAmXJNlRMLTU \" target=\"_self\" href=\"https:\/\/www.linkedin.com\/company\/universite-de-montpellier\/\" data-test-app-aware-link=\"\"><span>Universit\u00e9 de Montpellier<\/span><\/a><span>, en commen\u00e7ant par une immersion \u00e0 l\u2019incubateur universitaire<\/span><span class=\"white-space-pre\"> <\/span><a class=\"TmJiHDkCwsWGoiJpZeiUKlBISMAmXJNlRMLTU \" target=\"_self\" href=\"https:\/\/www.linkedin.com\/company\/incubateur-initium\/\" data-test-app-aware-link=\"\"><span>Incubateur INITIUM<\/span><\/a><span>. Merci \u00e0<\/span><span class=\"white-space-pre\"> <\/span><a class=\"TmJiHDkCwsWGoiJpZeiUKlBISMAmXJNlRMLTU \" target=\"_self\" href=\"https:\/\/www.linkedin.com\/in\/ACoAABJ9jhkB8wvmBL5gwsDt5RCnH92FDsytx2s\" data-test-app-aware-link=\"\"><span><\/span><\/a><a href=\"https:\/\/www.linkedin.com\/in\/kate-rivi%C3%A8re-561a8487\/\" id=\"ember2228\" class=\"ember-view\">Kate Rivi\u00e8re<\/a><span class=\"white-space-pre\"> <\/span><span>pour sa pr\u00e9sentation et \u00e0<\/span><span class=\"white-space-pre\"> <\/span><a class=\"TmJiHDkCwsWGoiJpZeiUKlBISMAmXJNlRMLTU \" target=\"_self\" href=\"https:\/\/www.linkedin.com\/in\/ACoAACTY2lsBbhnqRuzqHeuAJWRs6TFGREuI1wA\" data-test-app-aware-link=\"\"><span><\/span><\/a><a href=\"https:\/\/www.linkedin.com\/in\/romainlanotte\/\" id=\"ember2229\" class=\"ember-view\">Romain Lanotte<\/a><span class=\"white-space-pre\"> <\/span><span>pour son t\u00e9moignage inspirant autour de son projet Theralan.<\/span><span><br \/><\/span><span>Le groupe a ensuite d\u00e9couvert la Biblioth\u00e8que Universitaire Richter, avec une pr\u00e9sentation des Services Communs de Documentation par St\u00e9phanie Rakotoarivelo,<\/span><span class=\"white-space-pre\"> <\/span><a class=\"TmJiHDkCwsWGoiJpZeiUKlBISMAmXJNlRMLTU \" target=\"_self\" href=\"https:\/\/www.linkedin.com\/in\/ACoAAA699kYBJRkZqdatsq-Nfvzq9NNHyg_key4\" data-test-app-aware-link=\"\"><span><\/span><\/a><a href=\"https:\/\/www.linkedin.com\/in\/marion-lorius-0069b76a\/\" id=\"ember2230\" class=\"ember-view\">Marion Lorius<\/a><span class=\"white-space-pre\"> <\/span><span>et<\/span><span class=\"white-space-pre\"> <\/span><a class=\"TmJiHDkCwsWGoiJpZeiUKlBISMAmXJNlRMLTU \" target=\"_self\" href=\"https:\/\/www.linkedin.com\/in\/ACoAAA43Q0sBF6LT40LrogW3Hbizs1rLT7Q_S6Y\" data-test-app-aware-link=\"\"><span><\/span><\/a><a href=\"https:\/\/www.linkedin.com\/in\/claire-simon-4b7a5a67\/\" id=\"ember2231\" class=\"ember-view\">Claire Simon<\/a><span class=\"white-space-pre\"> <\/span><span>: un rappel fort du r\u00f4le essentiel de ces ressources dans l\u2019\u00e9cosyst\u00e8me acad\u00e9mique.<\/span><span><br \/><\/span><span><br \/><\/span><span>L\u2019apr\u00e8s-midi retour \u00e0<\/span><span class=\"white-space-pre\"> <\/span><a class=\"TmJiHDkCwsWGoiJpZeiUKlBISMAmXJNlRMLTU \" target=\"_self\" href=\"https:\/\/www.linkedin.com\/company\/montpellier-management\/\" data-test-app-aware-link=\"\"><span>Montpellier Management<\/span><\/a><span class=\"white-space-pre\"> <\/span><span>pour un workshop anim\u00e9 par<\/span><span class=\"white-space-pre\"> <\/span><a class=\"TmJiHDkCwsWGoiJpZeiUKlBISMAmXJNlRMLTU \" target=\"_self\" href=\"https:\/\/www.linkedin.com\/in\/ACoAACYGo4sBxuWAFqsNOXbzE6tO1LSGUQbis1I\" data-test-app-aware-link=\"\"><span><\/span><\/a><a href=\"https:\/\/www.linkedin.com\/in\/dr-anna-matros-goreses-2377a3159\/\" id=\"ember2232\" class=\"ember-view\">Dr Anna Matros-Goreses<\/a><span class=\"white-space-pre\"> <\/span><span>propice au partage d\u2019enseignements et \u00e0 l\u2019ouverture vers la suite du projet.<\/span><span class=\"white-space-pre\"> <\/span><span><br \/><\/span><span><br \/><\/span><span>Un immense merci \u00e0 l\u2019ensemble des participant\u00b7e\u00b7s et intervenant\u00b7e\u00b7s pour leur engagement tout au long de cette semaine intense, riche en \u00e9changes et en id\u00e9es !<\/span><span><br \/><\/span><span><br \/><\/span><span>Prochain rendez-vous : Cape Town, pour la suite de l\u2019aventure<\/span><span class=\"white-space-pre\"> <\/span><a class=\"TmJiHDkCwsWGoiJpZeiUKlBISMAmXJNlRMLTU \" target=\"_self\" href=\"https:\/\/www.linkedin.com\/company\/uniico-create\/\" data-test-app-aware-link=\"\"><span>UNIICo-create<\/span><\/a><span class=\"white-space-pre\"> <\/span><span>!<\/span><span><br \/><\/span><span><br \/><\/span><a class=\"TmJiHDkCwsWGoiJpZeiUKlBISMAmXJNlRMLTU \" target=\"_self\" href=\"https:\/\/www.linkedin.com\/in\/ACoAACH9hhQBW76biiZ-Zm1GBrqkOxktHl2d9-4\" data-test-app-aware-link=\"\"><span><\/span><\/a><a href=\"https:\/\/www.linkedin.com\/in\/sylvie-sammut-418b9113a\/\" id=\"ember2233\" class=\"ember-view\">Sylvie Sammut<\/a><span class=\"white-space-pre\"> <\/span><a class=\"TmJiHDkCwsWGoiJpZeiUKlBISMAmXJNlRMLTU \" target=\"_self\" href=\"https:\/\/www.linkedin.com\/in\/ACoAADAG3ykBI7GIeT38GeEcRVmyhKPFMTD2HyI\" data-test-app-aware-link=\"\"><span><\/span><\/a><a href=\"https:\/\/www.linkedin.com\/in\/ninaaugustyniak\/\" id=\"ember2234\" class=\"ember-view\">Nina AUGUSTYNIAK<\/a><span class=\"white-space-pre\"> <\/span><a class=\"TmJiHDkCwsWGoiJpZeiUKlBISMAmXJNlRMLTU \" target=\"_self\" href=\"https:\/\/www.linkedin.com\/in\/ACoAAC5PhycBJEROFSx0Qml1MndthDF3wNLVShY\" data-test-app-aware-link=\"\"><span><\/span><\/a><a href=\"https:\/\/www.linkedin.com\/in\/lili-arbrun\/\" id=\"ember2235\" class=\"ember-view\">Lili Arbrun<\/a><\/p>[\/et_pb_text][\/et_pb_column][\/et_pb_row][\/et_pb_section]\n","protected":false},"excerpt":{"rendered":"<p>Cette derni\u00e8re journ\u00e9e a mis l\u2019accent sur l\u2019accompagnement concret des porteur\u00b7euse\u00b7s de projets entrepreneuriaux au sein de l\u2019Universit\u00e9 de Montpellier, en commen\u00e7ant par une immersion \u00e0 l\u2019incubateur universitaire Incubateur INITIUM. Merci \u00e0 Kate Rivi\u00e8re pour sa pr\u00e9sentation et \u00e0 Romain Lanotte pour son t\u00e9moignage inspirant autour de son projet Theralan.Le groupe a ensuite d\u00e9couvert la [&hellip;]<\/p>\n","protected":false},"author":6,"featured_media":6216,"comment_status":"closed","ping_status":"closed","sticky":false,"template":"","format":"standard","meta":{"_et_pb_use_builder":"on","_et_pb_old_content":"","_et_gb_content_width":"","footnotes":""},"categories":[4,43],"tags":[],"class_list":["post-6214","post","type-post","status-publish","format-standard","has-post-thumbnail","hentry","category-actualite","category-ae2i"],"yoast_head":"<!-- This site is optimized with the Yoast SEO plugin v23.4 - https:\/\/yoast.com\/wordpress\/plugins\/seo\/ -->\n<title>\ud83c\udfac Clap de fin pour la Study Visit UNIICo-create ! - Lab Entreprendre<\/title>\n<meta name=\"robots\" content=\"index, follow, max-snippet:-1, max-image-preview:large, max-video-preview:-1\" \/>\n<link rel=\"canonical\" href=\"https:\/\/labex-entreprendre.fr\/?p=6214\" \/>\n<meta property=\"og:locale\" content=\"fr_FR\" \/>\n<meta property=\"og:type\" content=\"article\" \/>\n<meta property=\"og:title\" content=\"\ud83c\udfac Clap de fin pour la Study Visit UNIICo-create ! - Lab Entreprendre\" \/>\n<meta property=\"og:description\" content=\"Cette derni\u00e8re journ\u00e9e a mis l\u2019accent sur l\u2019accompagnement concret des porteur\u00b7euse\u00b7s de projets entrepreneuriaux au sein de l\u2019Universit\u00e9 de Montpellier, en commen\u00e7ant par une immersion \u00e0 l\u2019incubateur universitaire Incubateur INITIUM. Merci \u00e0 Kate Rivi\u00e8re pour sa pr\u00e9sentation et \u00e0 Romain Lanotte pour son t\u00e9moignage inspirant autour de son projet Theralan.Le groupe a ensuite d\u00e9couvert la [&hellip;]\" \/>\n<meta property=\"og:url\" content=\"https:\/\/labex-entreprendre.fr\/?p=6214\" \/>\n<meta property=\"og:site_name\" content=\"Lab Entreprendre\" \/>\n<meta property=\"article:published_time\" content=\"2025-06-06T14:18:47+00:00\" \/>\n<meta property=\"article:modified_time\" content=\"2025-06-11T14:21:36+00:00\" \/>\n<meta property=\"og:image\" content=\"https:\/\/labex-entreprendre.fr\/wp-content\/uploads\/2025\/06\/1-3.png\" \/>\n\t<meta property=\"og:image:width\" content=\"1600\" \/>\n\t<meta property=\"og:image:height\" content=\"1200\" \/>\n\t<meta property=\"og:image:type\" content=\"image\/png\" \/>\n<meta name=\"author\" content=\"Nina Augustyniak\" \/>\n<meta name=\"twitter:card\" content=\"summary_large_image\" \/>\n<meta name=\"twitter:label1\" content=\"\u00c9crit par\" \/>\n\t<meta name=\"twitter:data1\" content=\"Nina Augustyniak\" \/>\n\t<meta name=\"twitter:label2\" content=\"Dur\u00e9e de lecture estim\u00e9e\" \/>\n\t<meta name=\"twitter:data2\" content=\"2 minutes\" \/>\n<script type=\"application\/ld+json\" class=\"yoast-schema-graph\">{\"@context\":\"https:\/\/schema.org\",\"@graph\":[{\"@type\":\"WebPage\",\"@id\":\"https:\/\/labex-entreprendre.fr\/?p=6214\",\"url\":\"https:\/\/labex-entreprendre.fr\/?p=6214\",\"name\":\"\ud83c\udfac Clap de fin pour la Study Visit UNIICo-create ! - Lab Entreprendre\",\"isPartOf\":{\"@id\":\"https:\/\/labex-entreprendre.fr\/#website\"},\"primaryImageOfPage\":{\"@id\":\"https:\/\/labex-entreprendre.fr\/?p=6214#primaryimage\"},\"image\":{\"@id\":\"https:\/\/labex-entreprendre.fr\/?p=6214#primaryimage\"},\"thumbnailUrl\":\"https:\/\/labex-entreprendre.fr\/wp-content\/uploads\/2025\/06\/1-3.png\",\"datePublished\":\"2025-06-06T14:18:47+00:00\",\"dateModified\":\"2025-06-11T14:21:36+00:00\",\"author\":{\"@id\":\"https:\/\/labex-entreprendre.fr\/#\/schema\/person\/f944aaec6e377de38c6cdb40bcc77cdd\"},\"breadcrumb\":{\"@id\":\"https:\/\/labex-entreprendre.fr\/?p=6214#breadcrumb\"},\"inLanguage\":\"fr-FR\",\"potentialAction\":[{\"@type\":\"ReadAction\",\"target\":[\"https:\/\/labex-entreprendre.fr\/?p=6214\"]}]},{\"@type\":\"ImageObject\",\"inLanguage\":\"fr-FR\",\"@id\":\"https:\/\/labex-entreprendre.fr\/?p=6214#primaryimage\",\"url\":\"https:\/\/labex-entreprendre.fr\/wp-content\/uploads\/2025\/06\/1-3.png\",\"contentUrl\":\"https:\/\/labex-entreprendre.fr\/wp-content\/uploads\/2025\/06\/1-3.png\",\"width\":1600,\"height\":1200},{\"@type\":\"BreadcrumbList\",\"@id\":\"https:\/\/labex-entreprendre.fr\/?p=6214#breadcrumb\",\"itemListElement\":[{\"@type\":\"ListItem\",\"position\":1,\"name\":\"Home\",\"item\":\"https:\/\/labex-entreprendre.fr\/\"},{\"@type\":\"ListItem\",\"position\":2,\"name\":\"\ud83c\udfac Clap de fin pour la Study Visit UNIICo-create !\"}]},{\"@type\":\"WebSite\",\"@id\":\"https:\/\/labex-entreprendre.fr\/#website\",\"url\":\"https:\/\/labex-entreprendre.fr\/\",\"name\":\"Lab Entreprendre\",\"description\":\"Universit\u00e9 de Montpellier\",\"potentialAction\":[{\"@type\":\"SearchAction\",\"target\":{\"@type\":\"EntryPoint\",\"urlTemplate\":\"https:\/\/labex-entreprendre.fr\/?s={search_term_string}\"},\"query-input\":{\"@type\":\"PropertyValueSpecification\",\"valueRequired\":true,\"valueName\":\"search_term_string\"}}],\"inLanguage\":\"fr-FR\"},{\"@type\":\"Person\",\"@id\":\"https:\/\/labex-entreprendre.fr\/#\/schema\/person\/f944aaec6e377de38c6cdb40bcc77cdd\",\"name\":\"Nina Augustyniak\",\"image\":{\"@type\":\"ImageObject\",\"inLanguage\":\"fr-FR\",\"@id\":\"https:\/\/labex-entreprendre.fr\/#\/schema\/person\/image\/\",\"url\":\"https:\/\/secure.gravatar.com\/avatar\/a36d8f1bade01be1c0f66219854dca6915c8a0670cfcf5dba46d691fca48d6be?s=96&d=mm&r=g\",\"contentUrl\":\"https:\/\/secure.gravatar.com\/avatar\/a36d8f1bade01be1c0f66219854dca6915c8a0670cfcf5dba46d691fca48d6be?s=96&d=mm&r=g\",\"caption\":\"Nina Augustyniak\"},\"url\":\"https:\/\/labex-entreprendre.fr\/?author=6\"}]}<\/script>\n<!-- \/ Yoast SEO plugin. -->","yoast_head_json":{"title":"\ud83c\udfac Clap de fin pour la Study Visit UNIICo-create ! - Lab Entreprendre","robots":{"index":"index","follow":"follow","max-snippet":"max-snippet:-1","max-image-preview":"max-image-preview:large","max-video-preview":"max-video-preview:-1"},"canonical":"https:\/\/labex-entreprendre.fr\/?p=6214","og_locale":"fr_FR","og_type":"article","og_title":"\ud83c\udfac Clap de fin pour la Study Visit UNIICo-create ! - Lab Entreprendre","og_description":"Cette derni\u00e8re journ\u00e9e a mis l\u2019accent sur l\u2019accompagnement concret des porteur\u00b7euse\u00b7s de projets entrepreneuriaux au sein de l\u2019Universit\u00e9 de Montpellier, en commen\u00e7ant par une immersion \u00e0 l\u2019incubateur universitaire Incubateur INITIUM. Merci \u00e0 Kate Rivi\u00e8re pour sa pr\u00e9sentation et \u00e0 Romain Lanotte pour son t\u00e9moignage inspirant autour de son projet Theralan.Le groupe a ensuite d\u00e9couvert la [&hellip;]","og_url":"https:\/\/labex-entreprendre.fr\/?p=6214","og_site_name":"Lab Entreprendre","article_published_time":"2025-06-06T14:18:47+00:00","article_modified_time":"2025-06-11T14:21:36+00:00","og_image":[{"width":1600,"height":1200,"url":"https:\/\/labex-entreprendre.fr\/wp-content\/uploads\/2025\/06\/1-3.png","type":"image\/png"}],"author":"Nina Augustyniak","twitter_card":"summary_large_image","twitter_misc":{"\u00c9crit par":"Nina Augustyniak","Dur\u00e9e de lecture estim\u00e9e":"2 minutes"},"schema":{"@context":"https:\/\/schema.org","@graph":[{"@type":"WebPage","@id":"https:\/\/labex-entreprendre.fr\/?p=6214","url":"https:\/\/labex-entreprendre.fr\/?p=6214","name":"\ud83c\udfac Clap de fin pour la Study Visit UNIICo-create ! - Lab Entreprendre","isPartOf":{"@id":"https:\/\/labex-entreprendre.fr\/#website"},"primaryImageOfPage":{"@id":"https:\/\/labex-entreprendre.fr\/?p=6214#primaryimage"},"image":{"@id":"https:\/\/labex-entreprendre.fr\/?p=6214#primaryimage"},"thumbnailUrl":"https:\/\/labex-entreprendre.fr\/wp-content\/uploads\/2025\/06\/1-3.png","datePublished":"2025-06-06T14:18:47+00:00","dateModified":"2025-06-11T14:21:36+00:00","author":{"@id":"https:\/\/labex-entreprendre.fr\/#\/schema\/person\/f944aaec6e377de38c6cdb40bcc77cdd"},"breadcrumb":{"@id":"https:\/\/labex-entreprendre.fr\/?p=6214#breadcrumb"},"inLanguage":"fr-FR","potentialAction":[{"@type":"ReadAction","target":["https:\/\/labex-entreprendre.fr\/?p=6214"]}]},{"@type":"ImageObject","inLanguage":"fr-FR","@id":"https:\/\/labex-entreprendre.fr\/?p=6214#primaryimage","url":"https:\/\/labex-entreprendre.fr\/wp-content\/uploads\/2025\/06\/1-3.png","contentUrl":"https:\/\/labex-entreprendre.fr\/wp-content\/uploads\/2025\/06\/1-3.png","width":1600,"height":1200},{"@type":"BreadcrumbList","@id":"https:\/\/labex-entreprendre.fr\/?p=6214#breadcrumb","itemListElement":[{"@type":"ListItem","position":1,"name":"Home","item":"https:\/\/labex-entreprendre.fr\/"},{"@type":"ListItem","position":2,"name":"\ud83c\udfac Clap de fin pour la Study Visit UNIICo-create !"}]},{"@type":"WebSite","@id":"https:\/\/labex-entreprendre.fr\/#website","url":"https:\/\/labex-entreprendre.fr\/","name":"Lab Entreprendre","description":"Universit\u00e9 de Montpellier","potentialAction":[{"@type":"SearchAction","target":{"@type":"EntryPoint","urlTemplate":"https:\/\/labex-entreprendre.fr\/?s={search_term_string}"},"query-input":{"@type":"PropertyValueSpecification","valueRequired":true,"valueName":"search_term_string"}}],"inLanguage":"fr-FR"},{"@type":"Person","@id":"https:\/\/labex-entreprendre.fr\/#\/schema\/person\/f944aaec6e377de38c6cdb40bcc77cdd","name":"Nina Augustyniak","image":{"@type":"ImageObject","inLanguage":"fr-FR","@id":"https:\/\/labex-entreprendre.fr\/#\/schema\/person\/image\/","url":"https:\/\/secure.gravatar.com\/avatar\/a36d8f1bade01be1c0f66219854dca6915c8a0670cfcf5dba46d691fca48d6be?s=96&d=mm&r=g","contentUrl":"https:\/\/secure.gravatar.com\/avatar\/a36d8f1bade01be1c0f66219854dca6915c8a0670cfcf5dba46d691fca48d6be?s=96&d=mm&r=g","caption":"Nina Augustyniak"},"url":"https:\/\/labex-entreprendre.fr\/?author=6"}]}},"_links":{"self":[{"href":"https:\/\/labex-entreprendre.fr\/index.php?rest_route=\/wp\/v2\/posts\/6214","targetHints":{"allow":["GET"]}}],"collection":[{"href":"https:\/\/labex-entreprendre.fr\/index.php?rest_route=\/wp\/v2\/posts"}],"about":[{"href":"https:\/\/labex-entreprendre.fr\/index.php?rest_route=\/wp\/v2\/types\/post"}],"author":[{"embeddable":true,"href":"https:\/\/labex-entreprendre.fr\/index.php?rest_route=\/wp\/v2\/users\/6"}],"replies":[{"embeddable":true,"href":"https:\/\/labex-entreprendre.fr\/index.php?rest_route=%2Fwp%2Fv2%2Fcomments&post=6214"}],"version-history":[{"count":4,"href":"https:\/\/labex-entreprendre.fr\/index.php?rest_route=\/wp\/v2\/posts\/6214\/revisions"}],"predecessor-version":[{"id":6229,"href":"https:\/\/labex-entreprendre.fr\/index.php?rest_route=\/wp\/v2\/posts\/6214\/revisions\/6229"}],"wp:featuredmedia":[{"embeddable":true,"href":"https:\/\/labex-entreprendre.fr\/index.php?rest_route=\/wp\/v2\/media\/6216"}],"wp:attachment":[{"href":"https:\/\/labex-entreprendre.fr\/index.php?rest_route=%2Fwp%2Fv2%2Fmedia&parent=6214"}],"wp:term":[{"taxonomy":"category","embeddable":true,"href":"https:\/\/labex-entreprendre.fr\/index.php?rest_route=%2Fwp%2Fv2%2Fcategories&post=6214"},{"taxonomy":"post_tag","embeddable":true,"href":"https:\/\/labex-entreprendre.fr\/index.php?rest_route=%2Fwp%2Fv2%2Ftags&post=6214"}],"curies":[{"name":"wp","href":"https:\/\/api.w.org\/{rel}","templated":true}]}}