{"id":6180,"date":"2025-06-03T16:03:41","date_gmt":"2025-06-03T14:03:41","guid":{"rendered":"https:\/\/labex-entreprendre.fr\/?p=6180"},"modified":"2025-06-11T16:22:29","modified_gmt":"2025-06-11T14:22:29","slug":"%f0%9f%93%8d-la-study-visit-uniico-create-se-poursuit-a-luniversite-de-montpellier","status":"publish","type":"post","link":"https:\/\/labex-entreprendre.fr\/?p=6180","title":{"rendered":"\ud83d\udccd La Study Visit UNIICo-Create se poursuit \u00e0 l\u2019Universit\u00e9 de Montpellier !"},"content":{"rendered":"\n[et_pb_section fb_built=\u00a0\u00bb1&Prime; _builder_version=\u00a0\u00bb4.27.4&Prime; _module_preset=\u00a0\u00bbdefault\u00a0\u00bb global_colors_info=\u00a0\u00bb{}\u00a0\u00bb][et_pb_row _builder_version=\u00a0\u00bb4.27.4&Prime; _module_preset=\u00a0\u00bbdefault\u00a0\u00bb column_structure=\u00a0\u00bb1_2,1_2&Prime;][et_pb_column _builder_version=\u00a0\u00bb4.27.4&Prime; _module_preset=\u00a0\u00bbdefault\u00a0\u00bb type=\u00a0\u00bb1_2&Prime;][et_pb_image src=\u00a0\u00bbhttps:\/\/labex-entreprendre.fr\/wp-content\/uploads\/2025\/06\/2-1-1.png\u00a0\u00bb _builder_version=\u00a0\u00bb4.27.4&Prime; _module_preset=\u00a0\u00bbdefault\u00a0\u00bb hover_enabled=\u00a0\u00bb0&Prime; sticky_enabled=\u00a0\u00bb0&Prime;][\/et_pb_image][\/et_pb_column][et_pb_column _builder_version=\u00a0\u00bb4.27.4&Prime; _module_preset=\u00a0\u00bbdefault\u00a0\u00bb type=\u00a0\u00bb1_2&Prime;][et_pb_image src=\u00a0\u00bbhttps:\/\/labex-entreprendre.fr\/wp-content\/uploads\/2025\/06\/3-1-1.png\u00a0\u00bb _builder_version=\u00a0\u00bb4.27.4&Prime; _module_preset=\u00a0\u00bbdefault\u00a0\u00bb hover_enabled=\u00a0\u00bb0&Prime; sticky_enabled=\u00a0\u00bb0&Prime;][\/et_pb_image][\/et_pb_column][\/et_pb_row][et_pb_row _builder_version=\u00a0\u00bb4.27.4&Prime; _module_preset=\u00a0\u00bbdefault\u00a0\u00bb column_structure=\u00a0\u00bb1_2,1_2&Prime;][et_pb_column _builder_version=\u00a0\u00bb4.27.4&Prime; _module_preset=\u00a0\u00bbdefault\u00a0\u00bb type=\u00a0\u00bb1_2&Prime;][et_pb_image src=\u00a0\u00bbhttps:\/\/labex-entreprendre.fr\/wp-content\/uploads\/2025\/06\/4-1-1.png\u00a0\u00bb _builder_version=\u00a0\u00bb4.27.4&Prime; _module_preset=\u00a0\u00bbdefault\u00a0\u00bb hover_enabled=\u00a0\u00bb0&Prime; sticky_enabled=\u00a0\u00bb0&Prime;][\/et_pb_image][\/et_pb_column][et_pb_column _builder_version=\u00a0\u00bb4.27.4&Prime; _module_preset=\u00a0\u00bbdefault\u00a0\u00bb type=\u00a0\u00bb1_2&Prime;][et_pb_image src=\u00a0\u00bbhttps:\/\/labex-entreprendre.fr\/wp-content\/uploads\/2025\/06\/5-1.png\u00a0\u00bb _builder_version=\u00a0\u00bb4.27.4&Prime; _module_preset=\u00a0\u00bbdefault\u00a0\u00bb hover_enabled=\u00a0\u00bb0&Prime; sticky_enabled=\u00a0\u00bb0&Prime;][\/et_pb_image][\/et_pb_column][\/et_pb_row][et_pb_row _builder_version=\u00a0\u00bb4.27.4&Prime; _module_preset=\u00a0\u00bbdefault\u00a0\u00bb global_colors_info=\u00a0\u00bb{}\u00a0\u00bb][et_pb_column type=\u00a0\u00bb4_4&Prime; _builder_version=\u00a0\u00bb4.27.4&Prime; _module_preset=\u00a0\u00bbdefault\u00a0\u00bb global_colors_info=\u00a0\u00bb{}\u00a0\u00bb][et_pb_text _builder_version=\u00a0\u00bb4.27.4&Prime; _module_preset=\u00a0\u00bbdefault\u00a0\u00bb global_colors_info=\u00a0\u00bb{}\u00a0\u00bb]<p><span>Cette deuxi\u00e8me journ\u00e9e a mis en avant la diversit\u00e9 et l\u2019impact des initiatives en faveur de l\u2019entrepreneuriat universitaire, m\u00ealant formation, recherche et politiques publiques.<\/span><span><br \/><\/span><span><br \/><\/span><a class=\"TmJiHDkCwsWGoiJpZeiUKlBISMAmXJNlRMLTU \" target=\"_self\" href=\"https:\/\/www.linkedin.com\/in\/ACoAABBCcokBgQbjv2nWgWQm53Q0bBwHFF5lSX8\" data-test-app-aware-link=\"\"><span><\/span><\/a><a href=\"https:\/\/www.linkedin.com\/in\/karine-delmouly-80943477\/\" id=\"ember2081\" class=\"ember-view\">Karine Delmouly<\/a><span class=\"white-space-pre\"> <\/span><span>et<\/span><span class=\"white-space-pre\"> <\/span><a class=\"TmJiHDkCwsWGoiJpZeiUKlBISMAmXJNlRMLTU \" target=\"_self\" href=\"https:\/\/www.linkedin.com\/in\/ACoAAAGrGnUBnhoieKGaEHBfLLM2pYYJ060ASTs\" data-test-app-aware-link=\"\"><span><\/span><\/a><a href=\"https:\/\/www.linkedin.com\/in\/lasma-rabaud-35945a9\/\" id=\"ember2082\" class=\"ember-view\">Lasma Rabaud<\/a><span class=\"white-space-pre\"> <\/span><span>ont ouvert les \u00e9changes en pr\u00e9sentant le<\/span><span class=\"white-space-pre\"> <\/span><a class=\"TmJiHDkCwsWGoiJpZeiUKlBISMAmXJNlRMLTU \" target=\"_self\" href=\"https:\/\/www.linkedin.com\/in\/ACoAACXsemYBQ8Jl2UCLMvfTAuxJ-yVKrc7PDu4\" data-test-app-aware-link=\"\"><span><\/span><\/a><a href=\"https:\/\/www.linkedin.com\/in\/ptl-transition-gouvernance-soci%C3%A9t%C3%A9\/\" id=\"ember2083\" class=\"ember-view\">Lab Entreprendre<\/a><span class=\"white-space-pre\"> <\/span><span>et le PTL Entrepreneuriat Innovation et Soutenabilit\u00e9, deux structures compl\u00e9mentaires qui alimentent une recherche interdisciplinaire engag\u00e9e, enrichissent les pratiques p\u00e9dagogiques et favorisent des partenariats structurants avec les acteurs territoriaux.<\/span><span><br \/><\/span><span><br \/><\/span><a class=\"TmJiHDkCwsWGoiJpZeiUKlBISMAmXJNlRMLTU \" target=\"_self\" href=\"https:\/\/www.linkedin.com\/in\/ACoAABMMaSQB6ScUHGLhflYDZokD2tPBtYyyaZI\" data-test-app-aware-link=\"\"><span><\/span><\/a><a href=\"https:\/\/www.linkedin.com\/in\/francoise-pierrot-48403a8b\/\" id=\"ember2084\" class=\"ember-view\">Francoise Pierrot<\/a><span class=\"white-space-pre\"> <\/span><span>a ensuite pr\u00e9sent\u00e9<\/span><span class=\"white-space-pre\"> <\/span><a class=\"TmJiHDkCwsWGoiJpZeiUKlBISMAmXJNlRMLTU \" target=\"_self\" href=\"https:\/\/www.linkedin.com\/company\/montpellier-management\/\" data-test-app-aware-link=\"\"><span>Montpellier Management<\/span><\/a><span>, en mettant l\u2019accent sur ses programmes d\u00e9di\u00e9s \u00e0 l\u2019entrepreneuriat, son ancrage dans les r\u00e9alit\u00e9s \u00e9conomiques et son r\u00f4le au sein de l\u2019\u00e9cosyst\u00e8me local.<\/span><span><br \/><\/span><span><br \/><\/span><span>Enfin,<\/span><span class=\"white-space-pre\"> <\/span><a class=\"TmJiHDkCwsWGoiJpZeiUKlBISMAmXJNlRMLTU \" target=\"_self\" href=\"https:\/\/www.linkedin.com\/in\/ACoAAAeMFGUBShiKV3WzBwdS55RHPz6uduDk_nc\" data-test-app-aware-link=\"\"><span><\/span><\/a><a href=\"https:\/\/www.linkedin.com\/in\/alain-asquin-ab14a336\/\" id=\"ember2085\" class=\"ember-view\">Alain ASQUIN<\/a><span>, coordinateur national de<\/span><span class=\"white-space-pre\"> <\/span><a class=\"TmJiHDkCwsWGoiJpZeiUKlBISMAmXJNlRMLTU \" target=\"_self\" href=\"https:\/\/www.linkedin.com\/company\/p%C3%A9pite-france\/\" data-test-app-aware-link=\"\"><span>P\u00e9pite France &#8211; Le r\u00e9seau des \u00c9tudiants-Entrepreneurs<\/span><\/a><span>, a cl\u00f4tur\u00e9 la journ\u00e9e en pr\u00e9sentant le dispositif et le statut \u00c9tudiant-Entrepreneur, faisant le lien entre les politiques publiques nationales et leurs applications concr\u00e8tes dans les universit\u00e9s, \u00e0 l\u2019image de ce qui est mis en \u0153uvre ici \u00e0 Montpellier.<\/span><span><br \/><\/span><span><br \/><\/span><span>Une journ\u00e9e au c\u0153ur des liens entre recherche, formation et entrepreneuriat. La suite demain !<\/span><span><br \/><\/span><span><br \/><\/span><a class=\"TmJiHDkCwsWGoiJpZeiUKlBISMAmXJNlRMLTU \" target=\"_self\" href=\"https:\/\/www.linkedin.com\/in\/ACoAACH9hhQBW76biiZ-Zm1GBrqkOxktHl2d9-4\" data-test-app-aware-link=\"\"><span><\/span><\/a><a href=\"https:\/\/www.linkedin.com\/in\/sylvie-sammut-418b9113a\/\" id=\"ember2086\" class=\"ember-view\">Sylvie Sammut<\/a><span class=\"white-space-pre\"> <\/span><a class=\"TmJiHDkCwsWGoiJpZeiUKlBISMAmXJNlRMLTU \" target=\"_self\" href=\"https:\/\/www.linkedin.com\/in\/ACoAAAj9lXcB08I0J4wTb4XVQ85Zq6AifL0ZSSs\" data-test-app-aware-link=\"\"><span><\/span><\/a><a href=\"https:\/\/www.linkedin.com\/in\/jean-marie-courrent-84762142\/\" id=\"ember2087\" class=\"ember-view\">Jean-Marie Courrent<\/a><span class=\"white-space-pre\"> <\/span><a class=\"TmJiHDkCwsWGoiJpZeiUKlBISMAmXJNlRMLTU \" target=\"_self\" href=\"https:\/\/www.linkedin.com\/in\/ACoAADAG3ykBI7GIeT38GeEcRVmyhKPFMTD2HyI\" data-test-app-aware-link=\"\"><span><\/span><\/a><a href=\"https:\/\/www.linkedin.com\/in\/ninaaugustyniak\/\" id=\"ember2088\" class=\"ember-view\">Nina AUGUSTYNIAK<\/a><span class=\"white-space-pre\"> <\/span><a class=\"TmJiHDkCwsWGoiJpZeiUKlBISMAmXJNlRMLTU \" target=\"_self\" href=\"https:\/\/www.linkedin.com\/in\/ACoAAC5PhycBJEROFSx0Qml1MndthDF3wNLVShY\" data-test-app-aware-link=\"\"><span><\/span><\/a><a href=\"https:\/\/www.linkedin.com\/in\/lili-arbrun\/\" id=\"ember2089\" class=\"ember-view\">Lili Arbrun<\/a><\/p>[\/et_pb_text][\/et_pb_column][\/et_pb_row][\/et_pb_section]\n","protected":false},"excerpt":{"rendered":"<p>Cette deuxi\u00e8me journ\u00e9e a mis en avant la diversit\u00e9 et l\u2019impact des initiatives en faveur de l\u2019entrepreneuriat universitaire, m\u00ealant formation, recherche et politiques publiques.Karine Delmouly et Lasma Rabaud ont ouvert les \u00e9changes en pr\u00e9sentant le Lab Entreprendre et le PTL Entrepreneuriat Innovation et Soutenabilit\u00e9, deux structures compl\u00e9mentaires qui alimentent une recherche interdisciplinaire engag\u00e9e, enrichissent les [&hellip;]<\/p>\n","protected":false},"author":6,"featured_media":6181,"comment_status":"closed","ping_status":"closed","sticky":false,"template":"","format":"standard","meta":{"_et_pb_use_builder":"on","_et_pb_old_content":"","_et_gb_content_width":"","footnotes":""},"categories":[4,43],"tags":[],"class_list":["post-6180","post","type-post","status-publish","format-standard","has-post-thumbnail","hentry","category-actualite","category-ae2i"],"yoast_head":"<!-- This site is optimized with the Yoast SEO plugin v23.4 - https:\/\/yoast.com\/wordpress\/plugins\/seo\/ -->\n<title>\ud83d\udccd La Study Visit UNIICo-Create se poursuit \u00e0 l\u2019Universit\u00e9 de Montpellier ! - Lab Entreprendre<\/title>\n<meta name=\"robots\" content=\"index, follow, max-snippet:-1, max-image-preview:large, max-video-preview:-1\" \/>\n<link rel=\"canonical\" href=\"https:\/\/labex-entreprendre.fr\/?p=6180\" \/>\n<meta property=\"og:locale\" content=\"fr_FR\" \/>\n<meta property=\"og:type\" content=\"article\" \/>\n<meta property=\"og:title\" content=\"\ud83d\udccd La Study Visit UNIICo-Create se poursuit \u00e0 l\u2019Universit\u00e9 de Montpellier ! - Lab Entreprendre\" \/>\n<meta property=\"og:description\" content=\"Cette deuxi\u00e8me journ\u00e9e a mis en avant la diversit\u00e9 et l\u2019impact des initiatives en faveur de l\u2019entrepreneuriat universitaire, m\u00ealant formation, recherche et politiques publiques.Karine Delmouly et Lasma Rabaud ont ouvert les \u00e9changes en pr\u00e9sentant le Lab Entreprendre et le PTL Entrepreneuriat Innovation et Soutenabilit\u00e9, deux structures compl\u00e9mentaires qui alimentent une recherche interdisciplinaire engag\u00e9e, enrichissent les [&hellip;]\" \/>\n<meta property=\"og:url\" content=\"https:\/\/labex-entreprendre.fr\/?p=6180\" \/>\n<meta property=\"og:site_name\" content=\"Lab Entreprendre\" \/>\n<meta property=\"article:published_time\" content=\"2025-06-03T14:03:41+00:00\" \/>\n<meta property=\"article:modified_time\" content=\"2025-06-11T14:22:29+00:00\" \/>\n<meta property=\"og:image\" content=\"https:\/\/labex-entreprendre.fr\/wp-content\/uploads\/2025\/06\/1-1-2.png\" \/>\n\t<meta property=\"og:image:width\" content=\"1600\" \/>\n\t<meta property=\"og:image:height\" content=\"1200\" \/>\n\t<meta property=\"og:image:type\" content=\"image\/png\" \/>\n<meta name=\"author\" content=\"Nina Augustyniak\" \/>\n<meta name=\"twitter:card\" content=\"summary_large_image\" \/>\n<meta name=\"twitter:label1\" content=\"\u00c9crit par\" \/>\n\t<meta name=\"twitter:data1\" content=\"Nina Augustyniak\" \/>\n\t<meta name=\"twitter:label2\" content=\"Dur\u00e9e de lecture estim\u00e9e\" \/>\n\t<meta name=\"twitter:data2\" content=\"2 minutes\" \/>\n<script type=\"application\/ld+json\" class=\"yoast-schema-graph\">{\"@context\":\"https:\/\/schema.org\",\"@graph\":[{\"@type\":\"WebPage\",\"@id\":\"https:\/\/labex-entreprendre.fr\/?p=6180\",\"url\":\"https:\/\/labex-entreprendre.fr\/?p=6180\",\"name\":\"\ud83d\udccd La Study Visit UNIICo-Create se poursuit \u00e0 l\u2019Universit\u00e9 de Montpellier ! - Lab Entreprendre\",\"isPartOf\":{\"@id\":\"https:\/\/labex-entreprendre.fr\/#website\"},\"primaryImageOfPage\":{\"@id\":\"https:\/\/labex-entreprendre.fr\/?p=6180#primaryimage\"},\"image\":{\"@id\":\"https:\/\/labex-entreprendre.fr\/?p=6180#primaryimage\"},\"thumbnailUrl\":\"https:\/\/labex-entreprendre.fr\/wp-content\/uploads\/2025\/06\/1-1-2.png\",\"datePublished\":\"2025-06-03T14:03:41+00:00\",\"dateModified\":\"2025-06-11T14:22:29+00:00\",\"author\":{\"@id\":\"https:\/\/labex-entreprendre.fr\/#\/schema\/person\/f944aaec6e377de38c6cdb40bcc77cdd\"},\"breadcrumb\":{\"@id\":\"https:\/\/labex-entreprendre.fr\/?p=6180#breadcrumb\"},\"inLanguage\":\"fr-FR\",\"potentialAction\":[{\"@type\":\"ReadAction\",\"target\":[\"https:\/\/labex-entreprendre.fr\/?p=6180\"]}]},{\"@type\":\"ImageObject\",\"inLanguage\":\"fr-FR\",\"@id\":\"https:\/\/labex-entreprendre.fr\/?p=6180#primaryimage\",\"url\":\"https:\/\/labex-entreprendre.fr\/wp-content\/uploads\/2025\/06\/1-1-2.png\",\"contentUrl\":\"https:\/\/labex-entreprendre.fr\/wp-content\/uploads\/2025\/06\/1-1-2.png\",\"width\":1600,\"height\":1200},{\"@type\":\"BreadcrumbList\",\"@id\":\"https:\/\/labex-entreprendre.fr\/?p=6180#breadcrumb\",\"itemListElement\":[{\"@type\":\"ListItem\",\"position\":1,\"name\":\"Home\",\"item\":\"https:\/\/labex-entreprendre.fr\/\"},{\"@type\":\"ListItem\",\"position\":2,\"name\":\"\ud83d\udccd La Study Visit UNIICo-Create se poursuit \u00e0 l\u2019Universit\u00e9 de Montpellier !\"}]},{\"@type\":\"WebSite\",\"@id\":\"https:\/\/labex-entreprendre.fr\/#website\",\"url\":\"https:\/\/labex-entreprendre.fr\/\",\"name\":\"Lab Entreprendre\",\"description\":\"Universit\u00e9 de Montpellier\",\"potentialAction\":[{\"@type\":\"SearchAction\",\"target\":{\"@type\":\"EntryPoint\",\"urlTemplate\":\"https:\/\/labex-entreprendre.fr\/?s={search_term_string}\"},\"query-input\":{\"@type\":\"PropertyValueSpecification\",\"valueRequired\":true,\"valueName\":\"search_term_string\"}}],\"inLanguage\":\"fr-FR\"},{\"@type\":\"Person\",\"@id\":\"https:\/\/labex-entreprendre.fr\/#\/schema\/person\/f944aaec6e377de38c6cdb40bcc77cdd\",\"name\":\"Nina Augustyniak\",\"image\":{\"@type\":\"ImageObject\",\"inLanguage\":\"fr-FR\",\"@id\":\"https:\/\/labex-entreprendre.fr\/#\/schema\/person\/image\/\",\"url\":\"https:\/\/secure.gravatar.com\/avatar\/a36d8f1bade01be1c0f66219854dca6915c8a0670cfcf5dba46d691fca48d6be?s=96&d=mm&r=g\",\"contentUrl\":\"https:\/\/secure.gravatar.com\/avatar\/a36d8f1bade01be1c0f66219854dca6915c8a0670cfcf5dba46d691fca48d6be?s=96&d=mm&r=g\",\"caption\":\"Nina Augustyniak\"},\"url\":\"https:\/\/labex-entreprendre.fr\/?author=6\"}]}<\/script>\n<!-- \/ Yoast SEO plugin. -->","yoast_head_json":{"title":"\ud83d\udccd La Study Visit UNIICo-Create se poursuit \u00e0 l\u2019Universit\u00e9 de Montpellier ! - Lab Entreprendre","robots":{"index":"index","follow":"follow","max-snippet":"max-snippet:-1","max-image-preview":"max-image-preview:large","max-video-preview":"max-video-preview:-1"},"canonical":"https:\/\/labex-entreprendre.fr\/?p=6180","og_locale":"fr_FR","og_type":"article","og_title":"\ud83d\udccd La Study Visit UNIICo-Create se poursuit \u00e0 l\u2019Universit\u00e9 de Montpellier ! - Lab Entreprendre","og_description":"Cette deuxi\u00e8me journ\u00e9e a mis en avant la diversit\u00e9 et l\u2019impact des initiatives en faveur de l\u2019entrepreneuriat universitaire, m\u00ealant formation, recherche et politiques publiques.Karine Delmouly et Lasma Rabaud ont ouvert les \u00e9changes en pr\u00e9sentant le Lab Entreprendre et le PTL Entrepreneuriat Innovation et Soutenabilit\u00e9, deux structures compl\u00e9mentaires qui alimentent une recherche interdisciplinaire engag\u00e9e, enrichissent les [&hellip;]","og_url":"https:\/\/labex-entreprendre.fr\/?p=6180","og_site_name":"Lab Entreprendre","article_published_time":"2025-06-03T14:03:41+00:00","article_modified_time":"2025-06-11T14:22:29+00:00","og_image":[{"width":1600,"height":1200,"url":"https:\/\/labex-entreprendre.fr\/wp-content\/uploads\/2025\/06\/1-1-2.png","type":"image\/png"}],"author":"Nina Augustyniak","twitter_card":"summary_large_image","twitter_misc":{"\u00c9crit par":"Nina Augustyniak","Dur\u00e9e de lecture estim\u00e9e":"2 minutes"},"schema":{"@context":"https:\/\/schema.org","@graph":[{"@type":"WebPage","@id":"https:\/\/labex-entreprendre.fr\/?p=6180","url":"https:\/\/labex-entreprendre.fr\/?p=6180","name":"\ud83d\udccd La Study Visit UNIICo-Create se poursuit \u00e0 l\u2019Universit\u00e9 de Montpellier ! - Lab Entreprendre","isPartOf":{"@id":"https:\/\/labex-entreprendre.fr\/#website"},"primaryImageOfPage":{"@id":"https:\/\/labex-entreprendre.fr\/?p=6180#primaryimage"},"image":{"@id":"https:\/\/labex-entreprendre.fr\/?p=6180#primaryimage"},"thumbnailUrl":"https:\/\/labex-entreprendre.fr\/wp-content\/uploads\/2025\/06\/1-1-2.png","datePublished":"2025-06-03T14:03:41+00:00","dateModified":"2025-06-11T14:22:29+00:00","author":{"@id":"https:\/\/labex-entreprendre.fr\/#\/schema\/person\/f944aaec6e377de38c6cdb40bcc77cdd"},"breadcrumb":{"@id":"https:\/\/labex-entreprendre.fr\/?p=6180#breadcrumb"},"inLanguage":"fr-FR","potentialAction":[{"@type":"ReadAction","target":["https:\/\/labex-entreprendre.fr\/?p=6180"]}]},{"@type":"ImageObject","inLanguage":"fr-FR","@id":"https:\/\/labex-entreprendre.fr\/?p=6180#primaryimage","url":"https:\/\/labex-entreprendre.fr\/wp-content\/uploads\/2025\/06\/1-1-2.png","contentUrl":"https:\/\/labex-entreprendre.fr\/wp-content\/uploads\/2025\/06\/1-1-2.png","width":1600,"height":1200},{"@type":"BreadcrumbList","@id":"https:\/\/labex-entreprendre.fr\/?p=6180#breadcrumb","itemListElement":[{"@type":"ListItem","position":1,"name":"Home","item":"https:\/\/labex-entreprendre.fr\/"},{"@type":"ListItem","position":2,"name":"\ud83d\udccd La Study Visit UNIICo-Create se poursuit \u00e0 l\u2019Universit\u00e9 de Montpellier !"}]},{"@type":"WebSite","@id":"https:\/\/labex-entreprendre.fr\/#website","url":"https:\/\/labex-entreprendre.fr\/","name":"Lab Entreprendre","description":"Universit\u00e9 de Montpellier","potentialAction":[{"@type":"SearchAction","target":{"@type":"EntryPoint","urlTemplate":"https:\/\/labex-entreprendre.fr\/?s={search_term_string}"},"query-input":{"@type":"PropertyValueSpecification","valueRequired":true,"valueName":"search_term_string"}}],"inLanguage":"fr-FR"},{"@type":"Person","@id":"https:\/\/labex-entreprendre.fr\/#\/schema\/person\/f944aaec6e377de38c6cdb40bcc77cdd","name":"Nina Augustyniak","image":{"@type":"ImageObject","inLanguage":"fr-FR","@id":"https:\/\/labex-entreprendre.fr\/#\/schema\/person\/image\/","url":"https:\/\/secure.gravatar.com\/avatar\/a36d8f1bade01be1c0f66219854dca6915c8a0670cfcf5dba46d691fca48d6be?s=96&d=mm&r=g","contentUrl":"https:\/\/secure.gravatar.com\/avatar\/a36d8f1bade01be1c0f66219854dca6915c8a0670cfcf5dba46d691fca48d6be?s=96&d=mm&r=g","caption":"Nina Augustyniak"},"url":"https:\/\/labex-entreprendre.fr\/?author=6"}]}},"_links":{"self":[{"href":"https:\/\/labex-entreprendre.fr\/index.php?rest_route=\/wp\/v2\/posts\/6180","targetHints":{"allow":["GET"]}}],"collection":[{"href":"https:\/\/labex-entreprendre.fr\/index.php?rest_route=\/wp\/v2\/posts"}],"about":[{"href":"https:\/\/labex-entreprendre.fr\/index.php?rest_route=\/wp\/v2\/types\/post"}],"author":[{"embeddable":true,"href":"https:\/\/labex-entreprendre.fr\/index.php?rest_route=\/wp\/v2\/users\/6"}],"replies":[{"embeddable":true,"href":"https:\/\/labex-entreprendre.fr\/index.php?rest_route=%2Fwp%2Fv2%2Fcomments&post=6180"}],"version-history":[{"count":6,"href":"https:\/\/labex-entreprendre.fr\/index.php?rest_route=\/wp\/v2\/posts\/6180\/revisions"}],"predecessor-version":[{"id":6231,"href":"https:\/\/labex-entreprendre.fr\/index.php?rest_route=\/wp\/v2\/posts\/6180\/revisions\/6231"}],"wp:featuredmedia":[{"embeddable":true,"href":"https:\/\/labex-entreprendre.fr\/index.php?rest_route=\/wp\/v2\/media\/6181"}],"wp:attachment":[{"href":"https:\/\/labex-entreprendre.fr\/index.php?rest_route=%2Fwp%2Fv2%2Fmedia&parent=6180"}],"wp:term":[{"taxonomy":"category","embeddable":true,"href":"https:\/\/labex-entreprendre.fr\/index.php?rest_route=%2Fwp%2Fv2%2Fcategories&post=6180"},{"taxonomy":"post_tag","embeddable":true,"href":"https:\/\/labex-entreprendre.fr\/index.php?rest_route=%2Fwp%2Fv2%2Ftags&post=6180"}],"curies":[{"name":"wp","href":"https:\/\/api.w.org\/{rel}","templated":true}]}}