{"id":6157,"date":"2025-06-02T15:52:02","date_gmt":"2025-06-02T13:52:02","guid":{"rendered":"https:\/\/labex-entreprendre.fr\/?p=6157"},"modified":"2025-06-11T16:22:11","modified_gmt":"2025-06-11T14:22:11","slug":"%f0%9f%9a%80-lancement-de-la-study-visit-du-projet-uniico-create-a-luniversite-de-montpellier","status":"publish","type":"post","link":"https:\/\/labex-entreprendre.fr\/?p=6157","title":{"rendered":"\ud83d\ude80 Lancement de la Study Visit du projet UNIICo-create \u00e0 l\u2019Universit\u00e9 de Montpellier !"},"content":{"rendered":"\n[et_pb_section fb_built=\u00a0\u00bb1&Prime; _builder_version=\u00a0\u00bb4.27.4&Prime; _module_preset=\u00a0\u00bbdefault\u00a0\u00bb global_colors_info=\u00a0\u00bb{}\u00a0\u00bb][et_pb_row _builder_version=\u00a0\u00bb4.27.4&Prime; _module_preset=\u00a0\u00bbdefault\u00a0\u00bb column_structure=\u00a0\u00bb1_2,1_2&Prime;][et_pb_column _builder_version=\u00a0\u00bb4.27.4&Prime; _module_preset=\u00a0\u00bbdefault\u00a0\u00bb type=\u00a0\u00bb1_2&Prime;][et_pb_image src=\u00a0\u00bbhttps:\/\/labex-entreprendre.fr\/wp-content\/uploads\/2025\/06\/2-1.png\u00a0\u00bb _builder_version=\u00a0\u00bb4.27.4&Prime; _module_preset=\u00a0\u00bbdefault\u00a0\u00bb title_text=\u00a0\u00bb2 (1)\u00a0\u00bb hover_enabled=\u00a0\u00bb0&Prime; sticky_enabled=\u00a0\u00bb0&Prime;][\/et_pb_image][\/et_pb_column][et_pb_column _builder_version=\u00a0\u00bb4.27.4&Prime; _module_preset=\u00a0\u00bbdefault\u00a0\u00bb type=\u00a0\u00bb1_2&Prime;][et_pb_image src=\u00a0\u00bbhttps:\/\/labex-entreprendre.fr\/wp-content\/uploads\/2025\/06\/3-1.png\u00a0\u00bb _builder_version=\u00a0\u00bb4.27.4&Prime; _module_preset=\u00a0\u00bbdefault\u00a0\u00bb hover_enabled=\u00a0\u00bb0&Prime; sticky_enabled=\u00a0\u00bb0&Prime;][\/et_pb_image][\/et_pb_column][\/et_pb_row][et_pb_row _builder_version=\u00a0\u00bb4.27.4&Prime; _module_preset=\u00a0\u00bbdefault\u00a0\u00bb column_structure=\u00a0\u00bb1_2,1_2&Prime;][et_pb_column _builder_version=\u00a0\u00bb4.27.4&Prime; _module_preset=\u00a0\u00bbdefault\u00a0\u00bb type=\u00a0\u00bb1_2&Prime;][et_pb_image src=\u00a0\u00bbhttps:\/\/labex-entreprendre.fr\/wp-content\/uploads\/2025\/06\/4-1.png\u00a0\u00bb _builder_version=\u00a0\u00bb4.27.4&Prime; _module_preset=\u00a0\u00bbdefault\u00a0\u00bb hover_enabled=\u00a0\u00bb0&Prime; sticky_enabled=\u00a0\u00bb0&Prime;][\/et_pb_image][\/et_pb_column][et_pb_column _builder_version=\u00a0\u00bb4.27.4&Prime; _module_preset=\u00a0\u00bbdefault\u00a0\u00bb type=\u00a0\u00bb1_2&Prime;][et_pb_image src=\u00a0\u00bbhttps:\/\/labex-entreprendre.fr\/wp-content\/uploads\/2025\/06\/5.png\u00a0\u00bb _builder_version=\u00a0\u00bb4.27.4&Prime; _module_preset=\u00a0\u00bbdefault\u00a0\u00bb hover_enabled=\u00a0\u00bb0&Prime; sticky_enabled=\u00a0\u00bb0&Prime;][\/et_pb_image][\/et_pb_column][\/et_pb_row][et_pb_row _builder_version=\u00a0\u00bb4.27.4&Prime; _module_preset=\u00a0\u00bbdefault\u00a0\u00bb global_colors_info=\u00a0\u00bb{}\u00a0\u00bb][et_pb_column type=\u00a0\u00bb4_4&Prime; _builder_version=\u00a0\u00bb4.27.4&Prime; _module_preset=\u00a0\u00bbdefault\u00a0\u00bb global_colors_info=\u00a0\u00bb{}\u00a0\u00bb][et_pb_text _builder_version=\u00a0\u00bb4.27.4&Prime; _module_preset=\u00a0\u00bbdefault\u00a0\u00bb global_colors_info=\u00a0\u00bb{}\u00a0\u00bb]<p><span>Du 2 au 5 juin 2025, la<\/span><span class=\"white-space-pre\"> <\/span><a class=\"TmJiHDkCwsWGoiJpZeiUKlBISMAmXJNlRMLTU \" target=\"_self\" href=\"https:\/\/www.linkedin.com\/in\/ACoAAELGrEwBvxhXXH7HciEEqh71ZI8d3XMvuEw\" data-test-app-aware-link=\"\"><span><\/span><\/a><a href=\"https:\/\/www.linkedin.com\/in\/chaire-ae2i\/\" id=\"ember1885\" class=\"ember-view\">Chaire AE2i<\/a><span class=\"white-space-pre\"> <\/span><span>(<\/span><a class=\"TmJiHDkCwsWGoiJpZeiUKlBISMAmXJNlRMLTU \" target=\"_self\" href=\"https:\/\/www.linkedin.com\/in\/ACoAACXsemYBQ8Jl2UCLMvfTAuxJ-yVKrc7PDu4\" data-test-app-aware-link=\"\"><span><\/span><\/a><a href=\"https:\/\/www.linkedin.com\/in\/ptl-transition-gouvernance-soci%C3%A9t%C3%A9\/\" id=\"ember1886\" class=\"ember-view\">Lab Entreprendre<\/a><span class=\"white-space-pre\"> <\/span><span>\u2013 Fondation Universit\u00e9 de Montpellier, en partenariat avec<\/span><span class=\"white-space-pre\"> <\/span><a class=\"TmJiHDkCwsWGoiJpZeiUKlBISMAmXJNlRMLTU \" target=\"_self\" href=\"https:\/\/www.linkedin.com\/company\/montpellier-management\/\" data-test-app-aware-link=\"\"><span>Montpellier Management<\/span><\/a><span>) et la Direction des Relations Internationales de l\u2019Universit\u00e9 de Montpellier accueillent la visite d\u2019\u00e9tude du projet <a class=\"ql-mention\" href=\"https:\/\/www.linkedin.com\/in\/chaire-ae2i\/recent-activity\/all\/#\" data-entity-urn=\"urn:li:fsd_company:106588474\" data-guid=\"19\" data-object-urn=\"urn:li:organization:106588474\" data-original-text=\"UNIICo-create\" data-test-ql-mention=\"true\">UNIICo-create<\/a>.<\/span><span><br \/><\/span><span><br \/><\/span><span>Cet \u00e9v\u00e9nement r\u00e9unit des repr\u00e9sentant\u00b7e\u00b7s d\u2019universit\u00e9s et de minist\u00e8res partenaires de la r\u00e9gion SADC en Afrique, ainsi que des membres de<\/span><span class=\"white-space-pre\"> <\/span><a class=\"TmJiHDkCwsWGoiJpZeiUKlBISMAmXJNlRMLTU \" target=\"_self\" href=\"https:\/\/www.linkedin.com\/company\/thensaza\/\" data-test-app-aware-link=\"\"><span>Technological Higher Education Network South Africa (THENSA)<\/span><\/a><span class=\"white-space-pre\"> <\/span><span>et<\/span><span class=\"white-space-pre\"> <\/span><a class=\"TmJiHDkCwsWGoiJpZeiUKlBISMAmXJNlRMLTU \" target=\"_self\" href=\"https:\/\/www.linkedin.com\/company\/obreal\/\" data-test-app-aware-link=\"\"><span>Obreal<\/span><\/a><span>, pour une immersion approfondie dans l\u2019\u00e9cosyst\u00e8me entrepreneurial universitaire montpelli\u00e9rain.<\/span><span><br \/><\/span><span><br \/><\/span><span>Cette visite s\u2019inscrit dans le cadre d\u2019un projet structurel visant \u00e0 relever plusieurs d\u00e9fis majeurs auxquels est confront\u00e9e l&rsquo;Afrique australe : la faible cr\u00e9ation d\u2019emplois, le taux limit\u00e9 de r\u00e9ussite des start-ups et les difficult\u00e9s d\u2019insertion professionnelle des dipl\u00f4m\u00e9\u00b7e\u00b7s.<\/span><span><br \/><\/span><span><br \/><\/span><span>La Study Visit a \u00e9t\u00e9 lanc\u00e9e par les mots de bienvenue de<\/span><span class=\"white-space-pre\"> <\/span><a class=\"TmJiHDkCwsWGoiJpZeiUKlBISMAmXJNlRMLTU \" target=\"_self\" href=\"https:\/\/www.linkedin.com\/in\/ACoAABX71ZYBVZTd_AcZUF2zdNNPnclZVLXz-ZE\" data-test-app-aware-link=\"\"><span><\/span><\/a><a href=\"https:\/\/www.linkedin.com\/in\/nadia-lagarde-9b2628a3\/\" id=\"ember1887\" class=\"ember-view\">Nadia Lagarde<\/a><span class=\"white-space-pre\"> <\/span><span>(Direction des Relations Internationales) et<\/span><span class=\"white-space-pre\"> <\/span><a class=\"TmJiHDkCwsWGoiJpZeiUKlBISMAmXJNlRMLTU \" target=\"_self\" href=\"https:\/\/www.linkedin.com\/in\/ACoAACH9hhQBW76biiZ-Zm1GBrqkOxktHl2d9-4\" data-test-app-aware-link=\"\"><span><\/span><\/a><a href=\"https:\/\/www.linkedin.com\/in\/sylvie-sammut-418b9113a\/\" id=\"ember1888\" class=\"ember-view\">Sylvie Sammut<\/a><span class=\"white-space-pre\"> <\/span><span>(Chaire AE2i), avant de se poursuivre avec une premi\u00e8re pr\u00e9sentation inspirante consacr\u00e9e au P\u00f4le Universitaire d\u2019Innovation (PUI), acteur central de l\u2019\u00e9cosyst\u00e8me d\u2019innovation acad\u00e9mique montpelli\u00e9rain par<\/span><span class=\"white-space-pre\"> <\/span><a class=\"TmJiHDkCwsWGoiJpZeiUKlBISMAmXJNlRMLTU \" target=\"_self\" href=\"https:\/\/www.linkedin.com\/in\/ACoAAA6yW9ABUPhw0fsT2dPMUTvMNJjlixeVbIU\" data-test-app-aware-link=\"\"><span><\/span><\/a><a href=\"https:\/\/www.linkedin.com\/in\/cyril-peyre\/\" id=\"ember1889\" class=\"ember-view\">Cyril Peyre<\/a><span class=\"white-space-pre\"> <\/span><a class=\"TmJiHDkCwsWGoiJpZeiUKlBISMAmXJNlRMLTU \" target=\"_self\" href=\"https:\/\/www.linkedin.com\/in\/ACoAAAdKg3QBgcB1cflb6_AYAVWh0xd7T62En7A\" data-test-app-aware-link=\"\"><span><\/span><\/a><a href=\"https:\/\/www.linkedin.com\/in\/oliviermarini\/\" id=\"ember1890\" class=\"ember-view\">Olivier Marini<\/a><span class=\"white-space-pre\"> <\/span><span>et<\/span><span class=\"white-space-pre\"> <\/span><a class=\"TmJiHDkCwsWGoiJpZeiUKlBISMAmXJNlRMLTU \" target=\"_self\" href=\"https:\/\/www.linkedin.com\/in\/ACoAABDFQXIBSvOEJjhFgfgR4t9RB1eqZaL5l5c\" data-test-app-aware-link=\"\"><span><\/span><\/a><a href=\"https:\/\/www.linkedin.com\/in\/candice-senechal\/\" id=\"ember1891\" class=\"ember-view\">Candice SENECHAL<\/a><span>.<\/span><span><br \/><\/span><span><br \/><\/span><span>Pendant quatre jours, les participant\u00b7e\u00b7s exploreront les autres dispositifs phares de l\u2019Universit\u00e9 de Montpellier en mati\u00e8re d\u2019innovation et d\u2019entrepreneuriat : le<\/span><span class=\"white-space-pre\"> <\/span><a class=\"TmJiHDkCwsWGoiJpZeiUKlBISMAmXJNlRMLTU \" target=\"_self\" href=\"https:\/\/www.linkedin.com\/in\/ACoAACXsemYBQ8Jl2UCLMvfTAuxJ-yVKrc7PDu4\" data-test-app-aware-link=\"\"><span><\/span><\/a><a href=\"https:\/\/www.linkedin.com\/in\/ptl-transition-gouvernance-soci%C3%A9t%C3%A9\/\" id=\"ember1892\" class=\"ember-view\">Lab Entreprendre<\/a><span>, le PTL EIS, l&rsquo;<\/span><a class=\"TmJiHDkCwsWGoiJpZeiUKlBISMAmXJNlRMLTU \" target=\"_self\" href=\"https:\/\/www.linkedin.com\/company\/incubateur-initium\/\" data-test-app-aware-link=\"\"><span>Incubateur INITIUM<\/span><\/a><span>, ainsi que la Biblioth\u00e8que Universitaire Richter. Ils rencontreront \u00e9galement des acteurs territoriaux cl\u00e9s tels que le<\/span><span class=\"white-space-pre\"> <\/span><a class=\"TmJiHDkCwsWGoiJpZeiUKlBISMAmXJNlRMLTU \" target=\"_self\" href=\"https:\/\/www.linkedin.com\/company\/business-and-innovation-center-bic-de-montpellier\/\" data-test-app-aware-link=\"\"><span>BIC de Montpellier<\/span><\/a><span class=\"white-space-pre\"> <\/span><span>et la<\/span><span class=\"white-space-pre\"> <\/span><a class=\"TmJiHDkCwsWGoiJpZeiUKlBISMAmXJNlRMLTU \" target=\"_self\" href=\"https:\/\/www.linkedin.com\/company\/satt-axlr\/\" data-test-app-aware-link=\"\"><span>SATT AxLR<\/span><\/a><span>, avant de b\u00e9n\u00e9ficier d\u2019une intervention du minist\u00e8re de l\u2019Enseignement sup\u00e9rieur et de la Recherche sur les politiques nationales de soutien \u00e0 l\u2019entrepreneuriat \u00e9tudiant, \u00e0 travers notamment le dispositif<\/span><span class=\"white-space-pre\"> <\/span><a class=\"TmJiHDkCwsWGoiJpZeiUKlBISMAmXJNlRMLTU \" target=\"_self\" href=\"https:\/\/www.linkedin.com\/company\/p%C3%A9pite-france\/\" data-test-app-aware-link=\"\"><span>P\u00e9pite France &#8211; Le r\u00e9seau des \u00c9tudiants-Entrepreneurs<\/span><\/a><span>.<\/span><span class=\"white-space-pre\"> <\/span><span><br \/><\/span><span><br \/><\/span><span>Une belle dynamique de d\u00e9couverte et de dialogue\u2026 \u00e0 suivre tout au long de la semaine !<\/span><span><br \/><\/span><span><br \/><\/span><a class=\"TmJiHDkCwsWGoiJpZeiUKlBISMAmXJNlRMLTU \" target=\"_self\" href=\"https:\/\/www.linkedin.com\/in\/ACoAADAG3ykBI7GIeT38GeEcRVmyhKPFMTD2HyI\" data-test-app-aware-link=\"\"><span><\/span><\/a><a href=\"https:\/\/www.linkedin.com\/in\/ninaaugustyniak\/\" id=\"ember1893\" class=\"ember-view\">Nina AUGUSTYNIAK<\/a><span class=\"white-space-pre\"> <\/span><a class=\"TmJiHDkCwsWGoiJpZeiUKlBISMAmXJNlRMLTU \" target=\"_self\" href=\"https:\/\/www.linkedin.com\/in\/ACoAAC5PhycBJEROFSx0Qml1MndthDF3wNLVShY\" data-test-app-aware-link=\"\"><span><\/span><\/a><a href=\"https:\/\/www.linkedin.com\/in\/lili-arbrun\/\" id=\"ember1894\" class=\"ember-view\">Lili Arbrun<\/a><\/p>[\/et_pb_text][\/et_pb_column][\/et_pb_row][\/et_pb_section]\n","protected":false},"excerpt":{"rendered":"<p>Du 2 au 5 juin 2025, la Chaire AE2i (Lab Entreprendre \u2013 Fondation Universit\u00e9 de Montpellier, en partenariat avec Montpellier Management) et la Direction des Relations Internationales de l\u2019Universit\u00e9 de Montpellier accueillent la visite d\u2019\u00e9tude du projet UNIICo-create.Cet \u00e9v\u00e9nement r\u00e9unit des repr\u00e9sentant\u00b7e\u00b7s d\u2019universit\u00e9s et de minist\u00e8res partenaires de la r\u00e9gion SADC en Afrique, ainsi que [&hellip;]<\/p>\n","protected":false},"author":6,"featured_media":6176,"comment_status":"closed","ping_status":"closed","sticky":false,"template":"","format":"standard","meta":{"_et_pb_use_builder":"on","_et_pb_old_content":"","_et_gb_content_width":"","footnotes":""},"categories":[4,43],"tags":[],"class_list":["post-6157","post","type-post","status-publish","format-standard","has-post-thumbnail","hentry","category-actualite","category-ae2i"],"yoast_head":"<!-- This site is optimized with the Yoast SEO plugin v23.4 - https:\/\/yoast.com\/wordpress\/plugins\/seo\/ -->\n<title>\ud83d\ude80 Lancement de la Study Visit du projet UNIICo-create \u00e0 l\u2019Universit\u00e9 de Montpellier ! - Lab Entreprendre<\/title>\n<meta name=\"robots\" content=\"index, follow, max-snippet:-1, max-image-preview:large, max-video-preview:-1\" \/>\n<link rel=\"canonical\" href=\"https:\/\/labex-entreprendre.fr\/?p=6157\" \/>\n<meta property=\"og:locale\" content=\"fr_FR\" \/>\n<meta property=\"og:type\" content=\"article\" \/>\n<meta property=\"og:title\" content=\"\ud83d\ude80 Lancement de la Study Visit du projet UNIICo-create \u00e0 l\u2019Universit\u00e9 de Montpellier ! - Lab Entreprendre\" \/>\n<meta property=\"og:description\" content=\"Du 2 au 5 juin 2025, la Chaire AE2i (Lab Entreprendre \u2013 Fondation Universit\u00e9 de Montpellier, en partenariat avec Montpellier Management) et la Direction des Relations Internationales de l\u2019Universit\u00e9 de Montpellier accueillent la visite d\u2019\u00e9tude du projet UNIICo-create.Cet \u00e9v\u00e9nement r\u00e9unit des repr\u00e9sentant\u00b7e\u00b7s d\u2019universit\u00e9s et de minist\u00e8res partenaires de la r\u00e9gion SADC en Afrique, ainsi que [&hellip;]\" \/>\n<meta property=\"og:url\" content=\"https:\/\/labex-entreprendre.fr\/?p=6157\" \/>\n<meta property=\"og:site_name\" content=\"Lab Entreprendre\" \/>\n<meta property=\"article:published_time\" content=\"2025-06-02T13:52:02+00:00\" \/>\n<meta property=\"article:modified_time\" content=\"2025-06-11T14:22:11+00:00\" \/>\n<meta property=\"og:image\" content=\"https:\/\/labex-entreprendre.fr\/wp-content\/uploads\/2025\/06\/1-1-1-1024x683.png\" \/>\n\t<meta property=\"og:image:width\" content=\"1024\" \/>\n\t<meta property=\"og:image:height\" content=\"683\" \/>\n\t<meta property=\"og:image:type\" content=\"image\/png\" \/>\n<meta name=\"author\" content=\"Nina Augustyniak\" \/>\n<meta name=\"twitter:card\" content=\"summary_large_image\" \/>\n<meta name=\"twitter:label1\" content=\"\u00c9crit par\" \/>\n\t<meta name=\"twitter:data1\" content=\"Nina Augustyniak\" \/>\n\t<meta name=\"twitter:label2\" content=\"Dur\u00e9e de lecture estim\u00e9e\" \/>\n\t<meta name=\"twitter:data2\" content=\"3 minutes\" \/>\n<script type=\"application\/ld+json\" class=\"yoast-schema-graph\">{\"@context\":\"https:\/\/schema.org\",\"@graph\":[{\"@type\":\"WebPage\",\"@id\":\"https:\/\/labex-entreprendre.fr\/?p=6157\",\"url\":\"https:\/\/labex-entreprendre.fr\/?p=6157\",\"name\":\"\ud83d\ude80 Lancement de la Study Visit du projet UNIICo-create \u00e0 l\u2019Universit\u00e9 de Montpellier ! - Lab Entreprendre\",\"isPartOf\":{\"@id\":\"https:\/\/labex-entreprendre.fr\/#website\"},\"primaryImageOfPage\":{\"@id\":\"https:\/\/labex-entreprendre.fr\/?p=6157#primaryimage\"},\"image\":{\"@id\":\"https:\/\/labex-entreprendre.fr\/?p=6157#primaryimage\"},\"thumbnailUrl\":\"https:\/\/labex-entreprendre.fr\/wp-content\/uploads\/2025\/06\/1-1-1.png\",\"datePublished\":\"2025-06-02T13:52:02+00:00\",\"dateModified\":\"2025-06-11T14:22:11+00:00\",\"author\":{\"@id\":\"https:\/\/labex-entreprendre.fr\/#\/schema\/person\/f944aaec6e377de38c6cdb40bcc77cdd\"},\"breadcrumb\":{\"@id\":\"https:\/\/labex-entreprendre.fr\/?p=6157#breadcrumb\"},\"inLanguage\":\"fr-FR\",\"potentialAction\":[{\"@type\":\"ReadAction\",\"target\":[\"https:\/\/labex-entreprendre.fr\/?p=6157\"]}]},{\"@type\":\"ImageObject\",\"inLanguage\":\"fr-FR\",\"@id\":\"https:\/\/labex-entreprendre.fr\/?p=6157#primaryimage\",\"url\":\"https:\/\/labex-entreprendre.fr\/wp-content\/uploads\/2025\/06\/1-1-1.png\",\"contentUrl\":\"https:\/\/labex-entreprendre.fr\/wp-content\/uploads\/2025\/06\/1-1-1.png\",\"width\":2048,\"height\":1365},{\"@type\":\"BreadcrumbList\",\"@id\":\"https:\/\/labex-entreprendre.fr\/?p=6157#breadcrumb\",\"itemListElement\":[{\"@type\":\"ListItem\",\"position\":1,\"name\":\"Home\",\"item\":\"https:\/\/labex-entreprendre.fr\/\"},{\"@type\":\"ListItem\",\"position\":2,\"name\":\"\ud83d\ude80 Lancement de la Study Visit du projet UNIICo-create \u00e0 l\u2019Universit\u00e9 de Montpellier !\"}]},{\"@type\":\"WebSite\",\"@id\":\"https:\/\/labex-entreprendre.fr\/#website\",\"url\":\"https:\/\/labex-entreprendre.fr\/\",\"name\":\"Lab Entreprendre\",\"description\":\"Universit\u00e9 de Montpellier\",\"potentialAction\":[{\"@type\":\"SearchAction\",\"target\":{\"@type\":\"EntryPoint\",\"urlTemplate\":\"https:\/\/labex-entreprendre.fr\/?s={search_term_string}\"},\"query-input\":{\"@type\":\"PropertyValueSpecification\",\"valueRequired\":true,\"valueName\":\"search_term_string\"}}],\"inLanguage\":\"fr-FR\"},{\"@type\":\"Person\",\"@id\":\"https:\/\/labex-entreprendre.fr\/#\/schema\/person\/f944aaec6e377de38c6cdb40bcc77cdd\",\"name\":\"Nina Augustyniak\",\"image\":{\"@type\":\"ImageObject\",\"inLanguage\":\"fr-FR\",\"@id\":\"https:\/\/labex-entreprendre.fr\/#\/schema\/person\/image\/\",\"url\":\"https:\/\/secure.gravatar.com\/avatar\/a36d8f1bade01be1c0f66219854dca6915c8a0670cfcf5dba46d691fca48d6be?s=96&d=mm&r=g\",\"contentUrl\":\"https:\/\/secure.gravatar.com\/avatar\/a36d8f1bade01be1c0f66219854dca6915c8a0670cfcf5dba46d691fca48d6be?s=96&d=mm&r=g\",\"caption\":\"Nina Augustyniak\"},\"url\":\"https:\/\/labex-entreprendre.fr\/?author=6\"}]}<\/script>\n<!-- \/ Yoast SEO plugin. -->","yoast_head_json":{"title":"\ud83d\ude80 Lancement de la Study Visit du projet UNIICo-create \u00e0 l\u2019Universit\u00e9 de Montpellier ! - Lab Entreprendre","robots":{"index":"index","follow":"follow","max-snippet":"max-snippet:-1","max-image-preview":"max-image-preview:large","max-video-preview":"max-video-preview:-1"},"canonical":"https:\/\/labex-entreprendre.fr\/?p=6157","og_locale":"fr_FR","og_type":"article","og_title":"\ud83d\ude80 Lancement de la Study Visit du projet UNIICo-create \u00e0 l\u2019Universit\u00e9 de Montpellier ! - Lab Entreprendre","og_description":"Du 2 au 5 juin 2025, la Chaire AE2i (Lab Entreprendre \u2013 Fondation Universit\u00e9 de Montpellier, en partenariat avec Montpellier Management) et la Direction des Relations Internationales de l\u2019Universit\u00e9 de Montpellier accueillent la visite d\u2019\u00e9tude du projet UNIICo-create.Cet \u00e9v\u00e9nement r\u00e9unit des repr\u00e9sentant\u00b7e\u00b7s d\u2019universit\u00e9s et de minist\u00e8res partenaires de la r\u00e9gion SADC en Afrique, ainsi que [&hellip;]","og_url":"https:\/\/labex-entreprendre.fr\/?p=6157","og_site_name":"Lab Entreprendre","article_published_time":"2025-06-02T13:52:02+00:00","article_modified_time":"2025-06-11T14:22:11+00:00","og_image":[{"width":1024,"height":683,"url":"https:\/\/labex-entreprendre.fr\/wp-content\/uploads\/2025\/06\/1-1-1-1024x683.png","type":"image\/png"}],"author":"Nina Augustyniak","twitter_card":"summary_large_image","twitter_misc":{"\u00c9crit par":"Nina Augustyniak","Dur\u00e9e de lecture estim\u00e9e":"3 minutes"},"schema":{"@context":"https:\/\/schema.org","@graph":[{"@type":"WebPage","@id":"https:\/\/labex-entreprendre.fr\/?p=6157","url":"https:\/\/labex-entreprendre.fr\/?p=6157","name":"\ud83d\ude80 Lancement de la Study Visit du projet UNIICo-create \u00e0 l\u2019Universit\u00e9 de Montpellier ! - Lab Entreprendre","isPartOf":{"@id":"https:\/\/labex-entreprendre.fr\/#website"},"primaryImageOfPage":{"@id":"https:\/\/labex-entreprendre.fr\/?p=6157#primaryimage"},"image":{"@id":"https:\/\/labex-entreprendre.fr\/?p=6157#primaryimage"},"thumbnailUrl":"https:\/\/labex-entreprendre.fr\/wp-content\/uploads\/2025\/06\/1-1-1.png","datePublished":"2025-06-02T13:52:02+00:00","dateModified":"2025-06-11T14:22:11+00:00","author":{"@id":"https:\/\/labex-entreprendre.fr\/#\/schema\/person\/f944aaec6e377de38c6cdb40bcc77cdd"},"breadcrumb":{"@id":"https:\/\/labex-entreprendre.fr\/?p=6157#breadcrumb"},"inLanguage":"fr-FR","potentialAction":[{"@type":"ReadAction","target":["https:\/\/labex-entreprendre.fr\/?p=6157"]}]},{"@type":"ImageObject","inLanguage":"fr-FR","@id":"https:\/\/labex-entreprendre.fr\/?p=6157#primaryimage","url":"https:\/\/labex-entreprendre.fr\/wp-content\/uploads\/2025\/06\/1-1-1.png","contentUrl":"https:\/\/labex-entreprendre.fr\/wp-content\/uploads\/2025\/06\/1-1-1.png","width":2048,"height":1365},{"@type":"BreadcrumbList","@id":"https:\/\/labex-entreprendre.fr\/?p=6157#breadcrumb","itemListElement":[{"@type":"ListItem","position":1,"name":"Home","item":"https:\/\/labex-entreprendre.fr\/"},{"@type":"ListItem","position":2,"name":"\ud83d\ude80 Lancement de la Study Visit du projet UNIICo-create \u00e0 l\u2019Universit\u00e9 de Montpellier !"}]},{"@type":"WebSite","@id":"https:\/\/labex-entreprendre.fr\/#website","url":"https:\/\/labex-entreprendre.fr\/","name":"Lab Entreprendre","description":"Universit\u00e9 de Montpellier","potentialAction":[{"@type":"SearchAction","target":{"@type":"EntryPoint","urlTemplate":"https:\/\/labex-entreprendre.fr\/?s={search_term_string}"},"query-input":{"@type":"PropertyValueSpecification","valueRequired":true,"valueName":"search_term_string"}}],"inLanguage":"fr-FR"},{"@type":"Person","@id":"https:\/\/labex-entreprendre.fr\/#\/schema\/person\/f944aaec6e377de38c6cdb40bcc77cdd","name":"Nina Augustyniak","image":{"@type":"ImageObject","inLanguage":"fr-FR","@id":"https:\/\/labex-entreprendre.fr\/#\/schema\/person\/image\/","url":"https:\/\/secure.gravatar.com\/avatar\/a36d8f1bade01be1c0f66219854dca6915c8a0670cfcf5dba46d691fca48d6be?s=96&d=mm&r=g","contentUrl":"https:\/\/secure.gravatar.com\/avatar\/a36d8f1bade01be1c0f66219854dca6915c8a0670cfcf5dba46d691fca48d6be?s=96&d=mm&r=g","caption":"Nina Augustyniak"},"url":"https:\/\/labex-entreprendre.fr\/?author=6"}]}},"_links":{"self":[{"href":"https:\/\/labex-entreprendre.fr\/index.php?rest_route=\/wp\/v2\/posts\/6157","targetHints":{"allow":["GET"]}}],"collection":[{"href":"https:\/\/labex-entreprendre.fr\/index.php?rest_route=\/wp\/v2\/posts"}],"about":[{"href":"https:\/\/labex-entreprendre.fr\/index.php?rest_route=\/wp\/v2\/types\/post"}],"author":[{"embeddable":true,"href":"https:\/\/labex-entreprendre.fr\/index.php?rest_route=\/wp\/v2\/users\/6"}],"replies":[{"embeddable":true,"href":"https:\/\/labex-entreprendre.fr\/index.php?rest_route=%2Fwp%2Fv2%2Fcomments&post=6157"}],"version-history":[{"count":7,"href":"https:\/\/labex-entreprendre.fr\/index.php?rest_route=\/wp\/v2\/posts\/6157\/revisions"}],"predecessor-version":[{"id":6230,"href":"https:\/\/labex-entreprendre.fr\/index.php?rest_route=\/wp\/v2\/posts\/6157\/revisions\/6230"}],"wp:featuredmedia":[{"embeddable":true,"href":"https:\/\/labex-entreprendre.fr\/index.php?rest_route=\/wp\/v2\/media\/6176"}],"wp:attachment":[{"href":"https:\/\/labex-entreprendre.fr\/index.php?rest_route=%2Fwp%2Fv2%2Fmedia&parent=6157"}],"wp:term":[{"taxonomy":"category","embeddable":true,"href":"https:\/\/labex-entreprendre.fr\/index.php?rest_route=%2Fwp%2Fv2%2Fcategories&post=6157"},{"taxonomy":"post_tag","embeddable":true,"href":"https:\/\/labex-entreprendre.fr\/index.php?rest_route=%2Fwp%2Fv2%2Ftags&post=6157"}],"curies":[{"name":"wp","href":"https:\/\/api.w.org\/{rel}","templated":true}]}}