{"id":5911,"date":"2024-09-09T13:08:44","date_gmt":"2024-09-09T11:08:44","guid":{"rendered":"https:\/\/labex-entreprendre.fr\/?p=5911"},"modified":"2024-09-10T11:16:46","modified_gmt":"2024-09-10T09:16:46","slug":"etude-de-lobservatoire-amarok-la-sante-des-maires-francais","status":"publish","type":"post","link":"https:\/\/labex-entreprendre.fr\/?p=5911","title":{"rendered":"Etude de l\u2019Observatoire AMAROK : La sant\u00e9 des maires fran\u00e7ais."},"content":{"rendered":"<p>[et_pb_section fb_built=\u00a0\u00bb1&Prime; _builder_version=\u00a0\u00bb4.16&Prime; global_colors_info=\u00a0\u00bb{}\u00a0\u00bb][et_pb_row column_structure=\u00a0\u00bb1_2,1_2&Prime; _builder_version=\u00a0\u00bb4.20.4&Prime; _module_preset=\u00a0\u00bbdefault\u00a0\u00bb global_colors_info=\u00a0\u00bb{}\u00a0\u00bb][et_pb_column type=\u00a0\u00bb1_2&Prime; _builder_version=\u00a0\u00bb4.20.4&Prime; _module_preset=\u00a0\u00bbdefault\u00a0\u00bb global_colors_info=\u00a0\u00bb{}\u00a0\u00bb][et_pb_image src=\u00a0\u00bbhttps:\/\/labex-entreprendre.fr\/wp-content\/uploads\/2024\/09\/satisfactometre.png\u00a0\u00bb title_text=\u00a0\u00bbsatisfactometre\u00a0\u00bb _builder_version=\u00a0\u00bb4.20.4&Prime; _module_preset=\u00a0\u00bbdefault\u00a0\u00bb global_colors_info=\u00a0\u00bb{}\u00a0\u00bb][\/et_pb_image][\/et_pb_column][et_pb_column type=\u00a0\u00bb1_2&Prime; _builder_version=\u00a0\u00bb4.20.4&Prime; _module_preset=\u00a0\u00bbdefault\u00a0\u00bb global_colors_info=\u00a0\u00bb{}\u00a0\u00bb][et_pb_image src=\u00a0\u00bbhttps:\/\/labex-entreprendre.fr\/wp-content\/uploads\/2024\/09\/imagestressometre.png\u00a0\u00bb title_text=\u00a0\u00bbimagestressometre\u00a0\u00bb _builder_version=\u00a0\u00bb4.20.4&Prime; _module_preset=\u00a0\u00bbdefault\u00a0\u00bb global_colors_info=\u00a0\u00bb{}\u00a0\u00bb][\/et_pb_image][\/et_pb_column][\/et_pb_row][et_pb_row column_structure=\u00a0\u00bb1_2,1_2&Prime; _builder_version=\u00a0\u00bb4.20.4&Prime; _module_preset=\u00a0\u00bbdefault\u00a0\u00bb min_height=\u00a0\u00bb497.3px\u00a0\u00bb global_colors_info=\u00a0\u00bb{}\u00a0\u00bb][et_pb_column type=\u00a0\u00bb1_2&Prime; _builder_version=\u00a0\u00bb4.20.4&Prime; _module_preset=\u00a0\u00bbdefault\u00a0\u00bb global_colors_info=\u00a0\u00bb{}\u00a0\u00bb][et_pb_text _builder_version=\u00a0\u00bb4.20.4&Prime; _module_preset=\u00a0\u00bbdefault\u00a0\u00bb min_height=\u00a0\u00bb473.3px\u00a0\u00bb global_colors_info=\u00a0\u00bb{}\u00a0\u00bb]<\/p>\n<p style=\"text-align: justify;\">Dans cette documentation d\u00e9taill\u00e9e, l&rsquo;<strong>Observatoire AMAROK<\/strong> et l&rsquo;<strong>Universit\u00e9 de Montpellier<\/strong> d\u00e9voilent les r\u00e9sultats d&rsquo;une \u00e9tude pionni\u00e8re sur la sant\u00e9 mentale des maires fran\u00e7ais, une population jusqu&rsquo;alors peu \u00e9tudi\u00e9e sous cet angle. Sous la direction d&rsquo;<strong>Olivier Torres<\/strong> et <strong>Mathieu Le Moal<\/strong>, l&rsquo;enqu\u00eate a recueilli des donn\u00e9es de plus de deux mille maires, r\u00e9v\u00e9lant que pr\u00e8s de 31,40% d&rsquo;entre eux montrent des signes d&rsquo;\u00e9puisement. L&rsquo;\u00e9tude souligne \u00e9galement des aspects positifs, identifiant les facteurs de satisfaction dans la vie des maires. Ce texte offre une synth\u00e8se des principaux r\u00e9sultats et de leur signification pour le bien-\u00eatre des \u00e9lus locaux et la gestion de leur stress quotidien.<\/p>\n<p style=\"text-align: justify;\">Pour une exploration plus approfondie de cette \u00e9tude significative et pour acc\u00e9der \u00e0 des informations suppl\u00e9mentaires, nous vous invitons \u00e0 <strong>t\u00e9l\u00e9charger le dossier de presse complet disponible via le lien suivant.<\/strong><\/p>\n<p>[\/et_pb_text][\/et_pb_column][et_pb_column type=\u00a0\u00bb1_2&Prime; _builder_version=\u00a0\u00bb4.20.4&Prime; _module_preset=\u00a0\u00bbdefault\u00a0\u00bb global_colors_info=\u00a0\u00bb{}\u00a0\u00bb][et_pb_image src=\u00a0\u00bbhttps:\/\/labex-entreprendre.fr\/wp-content\/uploads\/2024\/09\/Oliver-Torres-et-Mathieu-Le-Moal-Midi-libre-scaled.jpg\u00a0\u00bb title_text=\u00a0\u00bbMathieu, Doctorant &#8211; Observatoire AMAROK \u00e0 Montpellier\u00a0\u00bb _builder_version=\u00a0\u00bb4.20.4&Prime; _module_preset=\u00a0\u00bbdefault\u00a0\u00bb global_colors_info=\u00a0\u00bb{}\u00a0\u00bb][\/et_pb_image][et_pb_text _builder_version=\u00a0\u00bb4.20.4&Prime; _module_preset=\u00a0\u00bbdefault\u00a0\u00bb text_font_size=\u00a0\u00bb10px\u00a0\u00bb text_line_height=\u00a0\u00bb1.3em\u00a0\u00bb min_height=\u00a0\u00bb79.2px\u00a0\u00bb global_colors_info=\u00a0\u00bb{}\u00a0\u00bb]<\/p>\n<p><span style=\"color: #000000; font-family: arial, sans-serif;\">\u00c0 droite,\u00a0<span>Olivier TORRES, Professeur \u00e0 l\u2019Universit\u00e9 de Montpellier (LABEX Entreprendre) et\u00a0<\/span><span>Pr\u00e9sident fondateur de l\u2019Observatoire AMAROK.<\/span><\/span><\/p>\n<div><span style=\"color: #000000; font-family: arial, sans-serif;\">\u00c0<span>\u00a0gauche,\u00a0<\/span><span>Mathieu LE MOAL, Psychologue du travail et doctorant<\/span><span>\u00a0\u00e0 l\u2019Universit\u00e9 de Montpellier et Paul Val\u00e9ry.<\/span><\/span><\/div>\n<p>[\/et_pb_text][\/et_pb_column][\/et_pb_row][et_pb_row _builder_version=\u00a0\u00bb4.16&Prime; background_size=\u00a0\u00bbinitial\u00a0\u00bb background_position=\u00a0\u00bbtop_left\u00a0\u00bb background_repeat=\u00a0\u00bbrepeat\u00a0\u00bb custom_padding=\u00a0\u00bb0px|||||\u00a0\u00bb global_colors_info=\u00a0\u00bb{}\u00a0\u00bb][et_pb_column type=\u00a0\u00bb4_4&Prime; _builder_version=\u00a0\u00bb4.16&Prime; custom_padding=\u00a0\u00bb|||\u00a0\u00bb global_colors_info=\u00a0\u00bb{}\u00a0\u00bb custom_padding__hover=\u00a0\u00bb|||\u00a0\u00bb][et_pb_button button_url=\u00a0\u00bbhttps:\/\/labex-entreprendre.fr\/wp-content\/uploads\/2024\/09\/Dossier-de-presse.pdf\u00a0\u00bb button_text=\u00a0\u00bbT\u00e9l\u00e9charger le dossier de presse\u00a0\u00bb _builder_version=\u00a0\u00bb4.20.4&Prime; _module_preset=\u00a0\u00bbdefault\u00a0\u00bb custom_button=\u00a0\u00bbon\u00a0\u00bb button_text_color=\u00a0\u00bb#FFFFFF\u00a0\u00bb button_bg_color=\u00a0\u00bb#8E2DAF\u00a0\u00bb global_colors_info=\u00a0\u00bb{}\u00a0\u00bb][\/et_pb_button][\/et_pb_column][\/et_pb_row][\/et_pb_section]<\/p>\n","protected":false},"excerpt":{"rendered":"<p>Dans cette documentation d\u00e9taill\u00e9e, l&rsquo;Observatoire AMAROK et l&rsquo;Universit\u00e9 de Montpellier d\u00e9voilent les r\u00e9sultats d&rsquo;une \u00e9tude pionni\u00e8re sur la sant\u00e9 mentale des maires fran\u00e7ais, une population jusqu&rsquo;alors peu \u00e9tudi\u00e9e sous cet angle. Sous la direction d&rsquo;Olivier Torres et Mathieu Le Moal, l&rsquo;enqu\u00eate a recueilli des donn\u00e9es de plus de deux mille maires, r\u00e9v\u00e9lant que pr\u00e8s de [&hellip;]<\/p>\n","protected":false},"author":5,"featured_media":5914,"comment_status":"closed","ping_status":"closed","sticky":false,"template":"","format":"standard","meta":{"_et_pb_use_builder":"on","_et_pb_old_content":"","_et_gb_content_width":"","footnotes":""},"categories":[4],"tags":[],"class_list":["post-5911","post","type-post","status-publish","format-standard","has-post-thumbnail","hentry","category-actualite"],"yoast_head":"<!-- This site is optimized with the Yoast SEO plugin v23.4 - https:\/\/yoast.com\/wordpress\/plugins\/seo\/ -->\n<title>Etude de l\u2019Observatoire AMAROK : La sant\u00e9 des maires fran\u00e7ais. - Lab Entreprendre<\/title>\n<meta name=\"robots\" content=\"index, follow, max-snippet:-1, max-image-preview:large, max-video-preview:-1\" \/>\n<link rel=\"canonical\" href=\"https:\/\/labex-entreprendre.fr\/?p=5911\" \/>\n<meta property=\"og:locale\" content=\"fr_FR\" \/>\n<meta property=\"og:type\" content=\"article\" \/>\n<meta property=\"og:title\" content=\"Etude de l\u2019Observatoire AMAROK : La sant\u00e9 des maires fran\u00e7ais. - Lab Entreprendre\" \/>\n<meta property=\"og:description\" content=\"Dans cette documentation d\u00e9taill\u00e9e, l&#039;Observatoire AMAROK et l&#039;Universit\u00e9 de Montpellier d\u00e9voilent les r\u00e9sultats d&#039;une \u00e9tude pionni\u00e8re sur la sant\u00e9 mentale des maires fran\u00e7ais, une population jusqu&#039;alors peu \u00e9tudi\u00e9e sous cet angle. Sous la direction d&#039;Olivier Torres et Mathieu Le Moal, l&#039;enqu\u00eate a recueilli des donn\u00e9es de plus de deux mille maires, r\u00e9v\u00e9lant que pr\u00e8s de [&hellip;]\" \/>\n<meta property=\"og:url\" content=\"https:\/\/labex-entreprendre.fr\/?p=5911\" \/>\n<meta property=\"og:site_name\" content=\"Lab Entreprendre\" \/>\n<meta property=\"article:published_time\" content=\"2024-09-09T11:08:44+00:00\" \/>\n<meta property=\"article:modified_time\" content=\"2024-09-10T09:16:46+00:00\" \/>\n<meta property=\"og:image\" content=\"https:\/\/labex-entreprendre.fr\/wp-content\/uploads\/2024\/09\/santedesmairesvF.png\" \/>\n\t<meta property=\"og:image:width\" content=\"1920\" \/>\n\t<meta property=\"og:image:height\" content=\"1080\" \/>\n\t<meta property=\"og:image:type\" content=\"image\/png\" \/>\n<meta name=\"author\" content=\"Karine\" \/>\n<meta name=\"twitter:card\" content=\"summary_large_image\" \/>\n<meta name=\"twitter:label1\" content=\"\u00c9crit par\" \/>\n\t<meta name=\"twitter:data1\" content=\"Karine\" \/>\n\t<meta name=\"twitter:label2\" content=\"Dur\u00e9e de lecture estim\u00e9e\" \/>\n\t<meta name=\"twitter:data2\" content=\"3 minutes\" \/>\n<script type=\"application\/ld+json\" class=\"yoast-schema-graph\">{\"@context\":\"https:\/\/schema.org\",\"@graph\":[{\"@type\":\"WebPage\",\"@id\":\"https:\/\/labex-entreprendre.fr\/?p=5911\",\"url\":\"https:\/\/labex-entreprendre.fr\/?p=5911\",\"name\":\"Etude de l\u2019Observatoire AMAROK : La sant\u00e9 des maires fran\u00e7ais. - Lab Entreprendre\",\"isPartOf\":{\"@id\":\"https:\/\/labex-entreprendre.fr\/#website\"},\"primaryImageOfPage\":{\"@id\":\"https:\/\/labex-entreprendre.fr\/?p=5911#primaryimage\"},\"image\":{\"@id\":\"https:\/\/labex-entreprendre.fr\/?p=5911#primaryimage\"},\"thumbnailUrl\":\"https:\/\/labex-entreprendre.fr\/wp-content\/uploads\/2024\/09\/santedesmairesvF.png\",\"datePublished\":\"2024-09-09T11:08:44+00:00\",\"dateModified\":\"2024-09-10T09:16:46+00:00\",\"author\":{\"@id\":\"https:\/\/labex-entreprendre.fr\/#\/schema\/person\/b5a3758f0cf9881aa36230f17497fa6a\"},\"breadcrumb\":{\"@id\":\"https:\/\/labex-entreprendre.fr\/?p=5911#breadcrumb\"},\"inLanguage\":\"fr-FR\",\"potentialAction\":[{\"@type\":\"ReadAction\",\"target\":[\"https:\/\/labex-entreprendre.fr\/?p=5911\"]}]},{\"@type\":\"ImageObject\",\"inLanguage\":\"fr-FR\",\"@id\":\"https:\/\/labex-entreprendre.fr\/?p=5911#primaryimage\",\"url\":\"https:\/\/labex-entreprendre.fr\/wp-content\/uploads\/2024\/09\/santedesmairesvF.png\",\"contentUrl\":\"https:\/\/labex-entreprendre.fr\/wp-content\/uploads\/2024\/09\/santedesmairesvF.png\",\"width\":1920,\"height\":1080},{\"@type\":\"BreadcrumbList\",\"@id\":\"https:\/\/labex-entreprendre.fr\/?p=5911#breadcrumb\",\"itemListElement\":[{\"@type\":\"ListItem\",\"position\":1,\"name\":\"Home\",\"item\":\"https:\/\/labex-entreprendre.fr\/\"},{\"@type\":\"ListItem\",\"position\":2,\"name\":\"Etude de l\u2019Observatoire AMAROK : La sant\u00e9 des maires fran\u00e7ais.\"}]},{\"@type\":\"WebSite\",\"@id\":\"https:\/\/labex-entreprendre.fr\/#website\",\"url\":\"https:\/\/labex-entreprendre.fr\/\",\"name\":\"Lab Entreprendre\",\"description\":\"Universit\u00e9 de Montpellier\",\"potentialAction\":[{\"@type\":\"SearchAction\",\"target\":{\"@type\":\"EntryPoint\",\"urlTemplate\":\"https:\/\/labex-entreprendre.fr\/?s={search_term_string}\"},\"query-input\":{\"@type\":\"PropertyValueSpecification\",\"valueRequired\":true,\"valueName\":\"search_term_string\"}}],\"inLanguage\":\"fr-FR\"},{\"@type\":\"Person\",\"@id\":\"https:\/\/labex-entreprendre.fr\/#\/schema\/person\/b5a3758f0cf9881aa36230f17497fa6a\",\"name\":\"Karine\",\"image\":{\"@type\":\"ImageObject\",\"inLanguage\":\"fr-FR\",\"@id\":\"https:\/\/labex-entreprendre.fr\/#\/schema\/person\/image\/\",\"url\":\"https:\/\/secure.gravatar.com\/avatar\/9b2cc07858f32b5717a43dbcadf20ee0ca2d4e6afed8ae1946bc59ca5f1d46ab?s=96&d=mm&r=g\",\"contentUrl\":\"https:\/\/secure.gravatar.com\/avatar\/9b2cc07858f32b5717a43dbcadf20ee0ca2d4e6afed8ae1946bc59ca5f1d46ab?s=96&d=mm&r=g\",\"caption\":\"Karine\"},\"url\":\"https:\/\/labex-entreprendre.fr\/?author=5\"}]}<\/script>\n<!-- \/ Yoast SEO plugin. -->","yoast_head_json":{"title":"Etude de l\u2019Observatoire AMAROK : La sant\u00e9 des maires fran\u00e7ais. - Lab Entreprendre","robots":{"index":"index","follow":"follow","max-snippet":"max-snippet:-1","max-image-preview":"max-image-preview:large","max-video-preview":"max-video-preview:-1"},"canonical":"https:\/\/labex-entreprendre.fr\/?p=5911","og_locale":"fr_FR","og_type":"article","og_title":"Etude de l\u2019Observatoire AMAROK : La sant\u00e9 des maires fran\u00e7ais. - Lab Entreprendre","og_description":"Dans cette documentation d\u00e9taill\u00e9e, l'Observatoire AMAROK et l'Universit\u00e9 de Montpellier d\u00e9voilent les r\u00e9sultats d'une \u00e9tude pionni\u00e8re sur la sant\u00e9 mentale des maires fran\u00e7ais, une population jusqu'alors peu \u00e9tudi\u00e9e sous cet angle. Sous la direction d'Olivier Torres et Mathieu Le Moal, l'enqu\u00eate a recueilli des donn\u00e9es de plus de deux mille maires, r\u00e9v\u00e9lant que pr\u00e8s de [&hellip;]","og_url":"https:\/\/labex-entreprendre.fr\/?p=5911","og_site_name":"Lab Entreprendre","article_published_time":"2024-09-09T11:08:44+00:00","article_modified_time":"2024-09-10T09:16:46+00:00","og_image":[{"width":1920,"height":1080,"url":"https:\/\/labex-entreprendre.fr\/wp-content\/uploads\/2024\/09\/santedesmairesvF.png","type":"image\/png"}],"author":"Karine","twitter_card":"summary_large_image","twitter_misc":{"\u00c9crit par":"Karine","Dur\u00e9e de lecture estim\u00e9e":"3 minutes"},"schema":{"@context":"https:\/\/schema.org","@graph":[{"@type":"WebPage","@id":"https:\/\/labex-entreprendre.fr\/?p=5911","url":"https:\/\/labex-entreprendre.fr\/?p=5911","name":"Etude de l\u2019Observatoire AMAROK : La sant\u00e9 des maires fran\u00e7ais. - Lab Entreprendre","isPartOf":{"@id":"https:\/\/labex-entreprendre.fr\/#website"},"primaryImageOfPage":{"@id":"https:\/\/labex-entreprendre.fr\/?p=5911#primaryimage"},"image":{"@id":"https:\/\/labex-entreprendre.fr\/?p=5911#primaryimage"},"thumbnailUrl":"https:\/\/labex-entreprendre.fr\/wp-content\/uploads\/2024\/09\/santedesmairesvF.png","datePublished":"2024-09-09T11:08:44+00:00","dateModified":"2024-09-10T09:16:46+00:00","author":{"@id":"https:\/\/labex-entreprendre.fr\/#\/schema\/person\/b5a3758f0cf9881aa36230f17497fa6a"},"breadcrumb":{"@id":"https:\/\/labex-entreprendre.fr\/?p=5911#breadcrumb"},"inLanguage":"fr-FR","potentialAction":[{"@type":"ReadAction","target":["https:\/\/labex-entreprendre.fr\/?p=5911"]}]},{"@type":"ImageObject","inLanguage":"fr-FR","@id":"https:\/\/labex-entreprendre.fr\/?p=5911#primaryimage","url":"https:\/\/labex-entreprendre.fr\/wp-content\/uploads\/2024\/09\/santedesmairesvF.png","contentUrl":"https:\/\/labex-entreprendre.fr\/wp-content\/uploads\/2024\/09\/santedesmairesvF.png","width":1920,"height":1080},{"@type":"BreadcrumbList","@id":"https:\/\/labex-entreprendre.fr\/?p=5911#breadcrumb","itemListElement":[{"@type":"ListItem","position":1,"name":"Home","item":"https:\/\/labex-entreprendre.fr\/"},{"@type":"ListItem","position":2,"name":"Etude de l\u2019Observatoire AMAROK : La sant\u00e9 des maires fran\u00e7ais."}]},{"@type":"WebSite","@id":"https:\/\/labex-entreprendre.fr\/#website","url":"https:\/\/labex-entreprendre.fr\/","name":"Lab Entreprendre","description":"Universit\u00e9 de Montpellier","potentialAction":[{"@type":"SearchAction","target":{"@type":"EntryPoint","urlTemplate":"https:\/\/labex-entreprendre.fr\/?s={search_term_string}"},"query-input":{"@type":"PropertyValueSpecification","valueRequired":true,"valueName":"search_term_string"}}],"inLanguage":"fr-FR"},{"@type":"Person","@id":"https:\/\/labex-entreprendre.fr\/#\/schema\/person\/b5a3758f0cf9881aa36230f17497fa6a","name":"Karine","image":{"@type":"ImageObject","inLanguage":"fr-FR","@id":"https:\/\/labex-entreprendre.fr\/#\/schema\/person\/image\/","url":"https:\/\/secure.gravatar.com\/avatar\/9b2cc07858f32b5717a43dbcadf20ee0ca2d4e6afed8ae1946bc59ca5f1d46ab?s=96&d=mm&r=g","contentUrl":"https:\/\/secure.gravatar.com\/avatar\/9b2cc07858f32b5717a43dbcadf20ee0ca2d4e6afed8ae1946bc59ca5f1d46ab?s=96&d=mm&r=g","caption":"Karine"},"url":"https:\/\/labex-entreprendre.fr\/?author=5"}]}},"_links":{"self":[{"href":"https:\/\/labex-entreprendre.fr\/index.php?rest_route=\/wp\/v2\/posts\/5911","targetHints":{"allow":["GET"]}}],"collection":[{"href":"https:\/\/labex-entreprendre.fr\/index.php?rest_route=\/wp\/v2\/posts"}],"about":[{"href":"https:\/\/labex-entreprendre.fr\/index.php?rest_route=\/wp\/v2\/types\/post"}],"author":[{"embeddable":true,"href":"https:\/\/labex-entreprendre.fr\/index.php?rest_route=\/wp\/v2\/users\/5"}],"replies":[{"embeddable":true,"href":"https:\/\/labex-entreprendre.fr\/index.php?rest_route=%2Fwp%2Fv2%2Fcomments&post=5911"}],"version-history":[{"count":8,"href":"https:\/\/labex-entreprendre.fr\/index.php?rest_route=\/wp\/v2\/posts\/5911\/revisions"}],"predecessor-version":[{"id":5935,"href":"https:\/\/labex-entreprendre.fr\/index.php?rest_route=\/wp\/v2\/posts\/5911\/revisions\/5935"}],"wp:featuredmedia":[{"embeddable":true,"href":"https:\/\/labex-entreprendre.fr\/index.php?rest_route=\/wp\/v2\/media\/5914"}],"wp:attachment":[{"href":"https:\/\/labex-entreprendre.fr\/index.php?rest_route=%2Fwp%2Fv2%2Fmedia&parent=5911"}],"wp:term":[{"taxonomy":"category","embeddable":true,"href":"https:\/\/labex-entreprendre.fr\/index.php?rest_route=%2Fwp%2Fv2%2Fcategories&post=5911"},{"taxonomy":"post_tag","embeddable":true,"href":"https:\/\/labex-entreprendre.fr\/index.php?rest_route=%2Fwp%2Fv2%2Ftags&post=5911"}],"curies":[{"name":"wp","href":"https:\/\/api.w.org\/{rel}","templated":true}]}}