{"id":5623,"date":"2024-03-28T14:03:57","date_gmt":"2024-03-28T13:03:57","guid":{"rendered":"https:\/\/labex-entreprendre.fr\/?p=5623"},"modified":"2024-03-28T14:03:58","modified_gmt":"2024-03-28T13:03:58","slug":"inauguration-de-la-chaire-ecocirculab","status":"publish","type":"post","link":"https:\/\/labex-entreprendre.fr\/?p=5623","title":{"rendered":"Inauguration de la chaire Ecocirculab"},"content":{"rendered":"<p>[et_pb_section fb_built=\u00a0\u00bb1&Prime; _builder_version=\u00a0\u00bb4.20.4&Prime; _module_preset=\u00a0\u00bbdefault\u00a0\u00bb global_colors_info=\u00a0\u00bb{}\u00a0\u00bb][et_pb_row _builder_version=\u00a0\u00bb4.20.4&Prime; _module_preset=\u00a0\u00bbdefault\u00a0\u00bb global_colors_info=\u00a0\u00bb{}\u00a0\u00bb custom_padding=\u00a0\u00bb1px|||||\u00a0\u00bb][et_pb_column type=\u00a0\u00bb4_4&Prime; _builder_version=\u00a0\u00bb4.20.4&Prime; _module_preset=\u00a0\u00bbdefault\u00a0\u00bb global_colors_info=\u00a0\u00bb{}\u00a0\u00bb][et_pb_text _builder_version=\u00a0\u00bb4.20.4&Prime; _module_preset=\u00a0\u00bbdefault\u00a0\u00bb hover_enabled=\u00a0\u00bb0&Prime; global_colors_info=\u00a0\u00bb{}\u00a0\u00bb sticky_enabled=\u00a0\u00bb0&Prime;]<\/p>\n<p style=\"font-weight: 400;\">L\u2019inauguration de la chaire en \u00e9conomie circulaire<span>\u00a0<\/span><em>Ecocirculab<span> <\/span><\/em>aura lieu le\u00a0<strong><span>25 avril 2024<\/span><em>\u00a0<\/em>\u00e0 partir de 18h<\/strong> \u00e0 la maison des \u00e9tudiants Aim\u00e9 Schoenig, campus Richter.<\/p>\n<p style=\"font-weight: 400;\">Lors de la conf\u00e9rence sur<span>\u00a0<\/span><em>l\u2019engagement citoyen pour la transition \u00e9cologique et solidaire<\/em>, nous aurons le plaisir d\u2019accueillir :<\/p>\n<ul>\n<li style=\"font-weight: 400;\"><strong>Camille Etienne<\/strong>, militante pour la justice sociale et climatique.<\/li>\n<li style=\"font-weight: 400;\"><span><\/span><span>\u00a0<\/span><strong>Corinne Lepage<\/strong>, avocate et femme politique fran\u00e7aise. Engag\u00e9e dans la protection de l\u2019environnement, elle a notamment \u00e9t\u00e9 ministre de l\u2019Environnement et d\u00e9put\u00e9e europ\u00e9enne.<\/li>\n<\/ul>\n<p style=\"font-weight: 400;\">Nous aborderons cette transition \u00e0 travers le prisme de<span>\u00a0<\/span><strong>l\u2019\u00e9conomie circulaire<\/strong><span>\u00a0<\/span>pr\u00e9sent\u00e9 par<span>\u00a0<\/span><strong>Fran\u00e7ois-Michel Lambert<\/strong>, ancien d\u00e9put\u00e9 et fondateur de l\u2019Institut de l&rsquo;\u00c9conomie Circulaire (INEC).<\/p>\n<p style=\"font-weight: 400;\">Ensuite, la table \u00ab\u00a0circulaire\u00a0\u00bb permettra d\u2019aborder le sujet de l\u2019\u00e9conomie circulaire au sein du territoire Occitanie, avec la participation de\u00a0:<\/p>\n<ul>\n<li style=\"font-weight: 400;\"><strong>C\u00e9line Lassort,<span><\/span><\/strong>responsable commerciale et \u00e9conomie circulaire \u00e0 Suez<\/li>\n<li style=\"font-weight: 400;\"><strong>Christophe Joussot-Dubien,<\/strong><span><\/span>directeur de l\u2019Institut des sciences et technologies pour une \u00e9conomie circulaire des \u00e9nergies bas carbone.<\/li>\n<li style=\"font-weight: 400;\"><strong>Laurence Magne<\/strong>, Vice-pr\u00e9sidente de S\u00e8te Agglopole M\u00e9diterran\u00e9e<\/li>\n<li style=\"font-weight: 400;\"><span><\/span><strong>Sophie Scantamburlo-Contreras,<\/strong><span>\u00a0<\/span>co-fondatrice de SCOP3<\/li>\n<li style=\"font-weight: 400;\"><span><\/span><strong>Jean-Pierre Parisi,<\/strong><span>\u00a0<\/span>administrateur d\u2019Envie \u00e0 Montpellier<\/li>\n<li style=\"font-weight: 400;\"><strong>Fr\u00e9d\u00e9rique Duclert-Gallix,<\/strong><span><\/span>direction de l\u2019industrie, de l\u2019innovation, de la recherche et de l\u2019enseignement sup\u00e9rieur de\u00a0la R\u00e9gion Occitanie.<\/li>\n<\/ul>\n<p style=\"text-align: justify;\"><strong>Pour pouvoir assister \u00e0 l&rsquo;\u00e9v\u00e9nement il faudra imp\u00e9rativement remplir le formulaire d&rsquo;inscription. Pour acc\u00e8der veuillez cliquer le bouton en fin de page.\u00a0<\/strong><\/p>\n<p>[\/et_pb_text][\/et_pb_column][\/et_pb_row][et_pb_row _builder_version=\u00a0\u00bb4.20.4&Prime; _module_preset=\u00a0\u00bbdefault\u00a0\u00bb global_colors_info=\u00a0\u00bb{}\u00a0\u00bb][et_pb_column type=\u00a0\u00bb4_4&Prime; _builder_version=\u00a0\u00bb4.20.4&Prime; _module_preset=\u00a0\u00bbdefault\u00a0\u00bb global_colors_info=\u00a0\u00bb{}\u00a0\u00bb][et_pb_button button_url=\u00a0\u00bbhttps:\/\/forms.gle\/QbCqUU5ed9W4s86i6&Prime; button_text=\u00a0\u00bbInscription\u00a0\u00bb button_alignment=\u00a0\u00bbcenter\u00a0\u00bb _builder_version=\u00a0\u00bb4.20.4&Prime; _module_preset=\u00a0\u00bbdefault\u00a0\u00bb custom_button=\u00a0\u00bbon\u00a0\u00bb button_text_size=\u00a0\u00bb35px\u00a0\u00bb button_text_color=\u00a0\u00bb#FFFFFF\u00a0\u00bb button_bg_use_color_gradient=\u00a0\u00bbon\u00a0\u00bb button_border_width=\u00a0\u00bb2px\u00a0\u00bb button_font=\u00a0\u00bb|700|||||||\u00a0\u00bb button_icon=\u00a0\u00bb&#x22;||divi||400&Prime; hover_enabled=\u00a0\u00bb0&Prime; global_colors_info=\u00a0\u00bb{}\u00a0\u00bb sticky_enabled=\u00a0\u00bb0&Prime;][\/et_pb_button][\/et_pb_column][\/et_pb_row][\/et_pb_section]<\/p>\n","protected":false},"excerpt":{"rendered":"<p>L\u2019inauguration de la chaire en \u00e9conomie circulaire\u00a0Ecocirculab aura lieu le\u00a025 avril 2024\u00a0\u00e0 partir de 18h \u00e0 la maison des \u00e9tudiants Aim\u00e9 Schoenig, campus Richter. Lors de la conf\u00e9rence sur\u00a0l\u2019engagement citoyen pour la transition \u00e9cologique et solidaire, nous aurons le plaisir d\u2019accueillir : Camille Etienne, militante pour la justice sociale et climatique. \u00a0Corinne Lepage, avocate et [&hellip;]<\/p>\n","protected":false},"author":5,"featured_media":5626,"comment_status":"closed","ping_status":"closed","sticky":false,"template":"","format":"standard","meta":{"_et_pb_use_builder":"on","_et_pb_old_content":"","_et_gb_content_width":"","footnotes":""},"categories":[4,102],"tags":[],"class_list":["post-5623","post","type-post","status-publish","format-standard","has-post-thumbnail","hentry","category-actualite","category-ecocirculab"],"yoast_head":"<!-- This site is optimized with the Yoast SEO plugin v23.4 - https:\/\/yoast.com\/wordpress\/plugins\/seo\/ -->\n<title>Inauguration de la chaire Ecocirculab - Lab Entreprendre<\/title>\n<meta name=\"robots\" content=\"index, follow, max-snippet:-1, max-image-preview:large, max-video-preview:-1\" \/>\n<link rel=\"canonical\" href=\"https:\/\/labex-entreprendre.fr\/?p=5623\" \/>\n<meta property=\"og:locale\" content=\"fr_FR\" \/>\n<meta property=\"og:type\" content=\"article\" \/>\n<meta property=\"og:title\" content=\"Inauguration de la chaire Ecocirculab - Lab Entreprendre\" \/>\n<meta property=\"og:description\" content=\"L\u2019inauguration de la chaire en \u00e9conomie circulaire\u00a0Ecocirculab aura lieu le\u00a025 avril 2024\u00a0\u00e0 partir de 18h \u00e0 la maison des \u00e9tudiants Aim\u00e9 Schoenig, campus Richter. Lors de la conf\u00e9rence sur\u00a0l\u2019engagement citoyen pour la transition \u00e9cologique et solidaire, nous aurons le plaisir d\u2019accueillir : Camille Etienne, militante pour la justice sociale et climatique. \u00a0Corinne Lepage, avocate et [&hellip;]\" \/>\n<meta property=\"og:url\" content=\"https:\/\/labex-entreprendre.fr\/?p=5623\" \/>\n<meta property=\"og:site_name\" content=\"Lab Entreprendre\" \/>\n<meta property=\"article:published_time\" content=\"2024-03-28T13:03:57+00:00\" \/>\n<meta property=\"article:modified_time\" content=\"2024-03-28T13:03:58+00:00\" \/>\n<meta property=\"og:image\" content=\"https:\/\/labex-entreprendre.fr\/wp-content\/uploads\/2024\/03\/COM-2.3.1.png\" \/>\n\t<meta property=\"og:image:width\" content=\"1920\" \/>\n\t<meta property=\"og:image:height\" content=\"1080\" \/>\n\t<meta property=\"og:image:type\" content=\"image\/png\" \/>\n<meta name=\"author\" content=\"Karine\" \/>\n<meta name=\"twitter:card\" content=\"summary_large_image\" \/>\n<meta name=\"twitter:label1\" content=\"\u00c9crit par\" \/>\n\t<meta name=\"twitter:data1\" content=\"Karine\" \/>\n\t<meta name=\"twitter:label2\" content=\"Dur\u00e9e de lecture estim\u00e9e\" \/>\n\t<meta name=\"twitter:data2\" content=\"2 minutes\" \/>\n<script type=\"application\/ld+json\" class=\"yoast-schema-graph\">{\"@context\":\"https:\/\/schema.org\",\"@graph\":[{\"@type\":\"WebPage\",\"@id\":\"https:\/\/labex-entreprendre.fr\/?p=5623\",\"url\":\"https:\/\/labex-entreprendre.fr\/?p=5623\",\"name\":\"Inauguration de la chaire Ecocirculab - Lab Entreprendre\",\"isPartOf\":{\"@id\":\"https:\/\/labex-entreprendre.fr\/#website\"},\"primaryImageOfPage\":{\"@id\":\"https:\/\/labex-entreprendre.fr\/?p=5623#primaryimage\"},\"image\":{\"@id\":\"https:\/\/labex-entreprendre.fr\/?p=5623#primaryimage\"},\"thumbnailUrl\":\"https:\/\/labex-entreprendre.fr\/wp-content\/uploads\/2024\/03\/COM-2.3.1.png\",\"datePublished\":\"2024-03-28T13:03:57+00:00\",\"dateModified\":\"2024-03-28T13:03:58+00:00\",\"author\":{\"@id\":\"https:\/\/labex-entreprendre.fr\/#\/schema\/person\/b5a3758f0cf9881aa36230f17497fa6a\"},\"breadcrumb\":{\"@id\":\"https:\/\/labex-entreprendre.fr\/?p=5623#breadcrumb\"},\"inLanguage\":\"fr-FR\",\"potentialAction\":[{\"@type\":\"ReadAction\",\"target\":[\"https:\/\/labex-entreprendre.fr\/?p=5623\"]}]},{\"@type\":\"ImageObject\",\"inLanguage\":\"fr-FR\",\"@id\":\"https:\/\/labex-entreprendre.fr\/?p=5623#primaryimage\",\"url\":\"https:\/\/labex-entreprendre.fr\/wp-content\/uploads\/2024\/03\/COM-2.3.1.png\",\"contentUrl\":\"https:\/\/labex-entreprendre.fr\/wp-content\/uploads\/2024\/03\/COM-2.3.1.png\",\"width\":1920,\"height\":1080,\"caption\":\"Affiche com\"},{\"@type\":\"BreadcrumbList\",\"@id\":\"https:\/\/labex-entreprendre.fr\/?p=5623#breadcrumb\",\"itemListElement\":[{\"@type\":\"ListItem\",\"position\":1,\"name\":\"Home\",\"item\":\"https:\/\/labex-entreprendre.fr\/\"},{\"@type\":\"ListItem\",\"position\":2,\"name\":\"Inauguration de la chaire Ecocirculab\"}]},{\"@type\":\"WebSite\",\"@id\":\"https:\/\/labex-entreprendre.fr\/#website\",\"url\":\"https:\/\/labex-entreprendre.fr\/\",\"name\":\"Lab Entreprendre\",\"description\":\"Universit\u00e9 de Montpellier\",\"potentialAction\":[{\"@type\":\"SearchAction\",\"target\":{\"@type\":\"EntryPoint\",\"urlTemplate\":\"https:\/\/labex-entreprendre.fr\/?s={search_term_string}\"},\"query-input\":{\"@type\":\"PropertyValueSpecification\",\"valueRequired\":true,\"valueName\":\"search_term_string\"}}],\"inLanguage\":\"fr-FR\"},{\"@type\":\"Person\",\"@id\":\"https:\/\/labex-entreprendre.fr\/#\/schema\/person\/b5a3758f0cf9881aa36230f17497fa6a\",\"name\":\"Karine\",\"image\":{\"@type\":\"ImageObject\",\"inLanguage\":\"fr-FR\",\"@id\":\"https:\/\/labex-entreprendre.fr\/#\/schema\/person\/image\/\",\"url\":\"https:\/\/secure.gravatar.com\/avatar\/9b2cc07858f32b5717a43dbcadf20ee0ca2d4e6afed8ae1946bc59ca5f1d46ab?s=96&d=mm&r=g\",\"contentUrl\":\"https:\/\/secure.gravatar.com\/avatar\/9b2cc07858f32b5717a43dbcadf20ee0ca2d4e6afed8ae1946bc59ca5f1d46ab?s=96&d=mm&r=g\",\"caption\":\"Karine\"},\"url\":\"https:\/\/labex-entreprendre.fr\/?author=5\"}]}<\/script>\n<!-- \/ Yoast SEO plugin. -->","yoast_head_json":{"title":"Inauguration de la chaire Ecocirculab - Lab Entreprendre","robots":{"index":"index","follow":"follow","max-snippet":"max-snippet:-1","max-image-preview":"max-image-preview:large","max-video-preview":"max-video-preview:-1"},"canonical":"https:\/\/labex-entreprendre.fr\/?p=5623","og_locale":"fr_FR","og_type":"article","og_title":"Inauguration de la chaire Ecocirculab - Lab Entreprendre","og_description":"L\u2019inauguration de la chaire en \u00e9conomie circulaire\u00a0Ecocirculab aura lieu le\u00a025 avril 2024\u00a0\u00e0 partir de 18h \u00e0 la maison des \u00e9tudiants Aim\u00e9 Schoenig, campus Richter. Lors de la conf\u00e9rence sur\u00a0l\u2019engagement citoyen pour la transition \u00e9cologique et solidaire, nous aurons le plaisir d\u2019accueillir : Camille Etienne, militante pour la justice sociale et climatique. \u00a0Corinne Lepage, avocate et [&hellip;]","og_url":"https:\/\/labex-entreprendre.fr\/?p=5623","og_site_name":"Lab Entreprendre","article_published_time":"2024-03-28T13:03:57+00:00","article_modified_time":"2024-03-28T13:03:58+00:00","og_image":[{"width":1920,"height":1080,"url":"https:\/\/labex-entreprendre.fr\/wp-content\/uploads\/2024\/03\/COM-2.3.1.png","type":"image\/png"}],"author":"Karine","twitter_card":"summary_large_image","twitter_misc":{"\u00c9crit par":"Karine","Dur\u00e9e de lecture estim\u00e9e":"2 minutes"},"schema":{"@context":"https:\/\/schema.org","@graph":[{"@type":"WebPage","@id":"https:\/\/labex-entreprendre.fr\/?p=5623","url":"https:\/\/labex-entreprendre.fr\/?p=5623","name":"Inauguration de la chaire Ecocirculab - Lab Entreprendre","isPartOf":{"@id":"https:\/\/labex-entreprendre.fr\/#website"},"primaryImageOfPage":{"@id":"https:\/\/labex-entreprendre.fr\/?p=5623#primaryimage"},"image":{"@id":"https:\/\/labex-entreprendre.fr\/?p=5623#primaryimage"},"thumbnailUrl":"https:\/\/labex-entreprendre.fr\/wp-content\/uploads\/2024\/03\/COM-2.3.1.png","datePublished":"2024-03-28T13:03:57+00:00","dateModified":"2024-03-28T13:03:58+00:00","author":{"@id":"https:\/\/labex-entreprendre.fr\/#\/schema\/person\/b5a3758f0cf9881aa36230f17497fa6a"},"breadcrumb":{"@id":"https:\/\/labex-entreprendre.fr\/?p=5623#breadcrumb"},"inLanguage":"fr-FR","potentialAction":[{"@type":"ReadAction","target":["https:\/\/labex-entreprendre.fr\/?p=5623"]}]},{"@type":"ImageObject","inLanguage":"fr-FR","@id":"https:\/\/labex-entreprendre.fr\/?p=5623#primaryimage","url":"https:\/\/labex-entreprendre.fr\/wp-content\/uploads\/2024\/03\/COM-2.3.1.png","contentUrl":"https:\/\/labex-entreprendre.fr\/wp-content\/uploads\/2024\/03\/COM-2.3.1.png","width":1920,"height":1080,"caption":"Affiche com"},{"@type":"BreadcrumbList","@id":"https:\/\/labex-entreprendre.fr\/?p=5623#breadcrumb","itemListElement":[{"@type":"ListItem","position":1,"name":"Home","item":"https:\/\/labex-entreprendre.fr\/"},{"@type":"ListItem","position":2,"name":"Inauguration de la chaire Ecocirculab"}]},{"@type":"WebSite","@id":"https:\/\/labex-entreprendre.fr\/#website","url":"https:\/\/labex-entreprendre.fr\/","name":"Lab Entreprendre","description":"Universit\u00e9 de Montpellier","potentialAction":[{"@type":"SearchAction","target":{"@type":"EntryPoint","urlTemplate":"https:\/\/labex-entreprendre.fr\/?s={search_term_string}"},"query-input":{"@type":"PropertyValueSpecification","valueRequired":true,"valueName":"search_term_string"}}],"inLanguage":"fr-FR"},{"@type":"Person","@id":"https:\/\/labex-entreprendre.fr\/#\/schema\/person\/b5a3758f0cf9881aa36230f17497fa6a","name":"Karine","image":{"@type":"ImageObject","inLanguage":"fr-FR","@id":"https:\/\/labex-entreprendre.fr\/#\/schema\/person\/image\/","url":"https:\/\/secure.gravatar.com\/avatar\/9b2cc07858f32b5717a43dbcadf20ee0ca2d4e6afed8ae1946bc59ca5f1d46ab?s=96&d=mm&r=g","contentUrl":"https:\/\/secure.gravatar.com\/avatar\/9b2cc07858f32b5717a43dbcadf20ee0ca2d4e6afed8ae1946bc59ca5f1d46ab?s=96&d=mm&r=g","caption":"Karine"},"url":"https:\/\/labex-entreprendre.fr\/?author=5"}]}},"_links":{"self":[{"href":"https:\/\/labex-entreprendre.fr\/index.php?rest_route=\/wp\/v2\/posts\/5623","targetHints":{"allow":["GET"]}}],"collection":[{"href":"https:\/\/labex-entreprendre.fr\/index.php?rest_route=\/wp\/v2\/posts"}],"about":[{"href":"https:\/\/labex-entreprendre.fr\/index.php?rest_route=\/wp\/v2\/types\/post"}],"author":[{"embeddable":true,"href":"https:\/\/labex-entreprendre.fr\/index.php?rest_route=\/wp\/v2\/users\/5"}],"replies":[{"embeddable":true,"href":"https:\/\/labex-entreprendre.fr\/index.php?rest_route=%2Fwp%2Fv2%2Fcomments&post=5623"}],"version-history":[{"count":4,"href":"https:\/\/labex-entreprendre.fr\/index.php?rest_route=\/wp\/v2\/posts\/5623\/revisions"}],"predecessor-version":[{"id":5630,"href":"https:\/\/labex-entreprendre.fr\/index.php?rest_route=\/wp\/v2\/posts\/5623\/revisions\/5630"}],"wp:featuredmedia":[{"embeddable":true,"href":"https:\/\/labex-entreprendre.fr\/index.php?rest_route=\/wp\/v2\/media\/5626"}],"wp:attachment":[{"href":"https:\/\/labex-entreprendre.fr\/index.php?rest_route=%2Fwp%2Fv2%2Fmedia&parent=5623"}],"wp:term":[{"taxonomy":"category","embeddable":true,"href":"https:\/\/labex-entreprendre.fr\/index.php?rest_route=%2Fwp%2Fv2%2Fcategories&post=5623"},{"taxonomy":"post_tag","embeddable":true,"href":"https:\/\/labex-entreprendre.fr\/index.php?rest_route=%2Fwp%2Fv2%2Ftags&post=5623"}],"curies":[{"name":"wp","href":"https:\/\/api.w.org\/{rel}","templated":true}]}}