{"id":5528,"date":"2024-01-11T16:36:47","date_gmt":"2024-01-11T15:36:47","guid":{"rendered":"https:\/\/labex-entreprendre.fr\/?p=5528"},"modified":"2025-05-02T10:35:41","modified_gmt":"2025-05-02T08:35:41","slug":"place-creative","status":"publish","type":"post","link":"https:\/\/labex-entreprendre.fr\/?p=5528","title":{"rendered":"Place cr\u00e9ative"},"content":{"rendered":"\n[et_pb_section fb_built=\u00a0\u00bb1&Prime; _builder_version=\u00a0\u00bb4.20.4&Prime; _module_preset=\u00a0\u00bbdefault\u00a0\u00bb global_colors_info=\u00a0\u00bb{}\u00a0\u00bb][et_pb_row _builder_version=\u00a0\u00bb4.20.4&Prime; _module_preset=\u00a0\u00bbdefault\u00a0\u00bb global_colors_info=\u00a0\u00bb{}\u00a0\u00bb custom_padding=\u00a0\u00bb75px|||||\u00a0\u00bb][et_pb_column type=\u00a0\u00bb4_4&Prime; _builder_version=\u00a0\u00bb4.20.4&Prime; _module_preset=\u00a0\u00bbdefault\u00a0\u00bb global_colors_info=\u00a0\u00bb{}\u00a0\u00bb][et_pb_text _builder_version=\u00a0\u00bb4.20.4&Prime; _module_preset=\u00a0\u00bbdefault\u00a0\u00bb hover_enabled=\u00a0\u00bb0&Prime; sticky_enabled=\u00a0\u00bb0&Prime;]<p><span>Mercredi 6 d\u00e9cembre 2023, la Chaire AE2i \u00e9tait pr\u00e9sente \u00e0 la Place Creative o\u00f9 l&rsquo;entrepreneuriat \u00e9tait \u00e0 l&rsquo;honneur.<\/span><span class=\"white-space-pre\"> <\/span><\/p>\n<p><span>Nous avons eu le privil\u00e8ge de participer \u00e0 \u00ab\u00a0La Place aux Pitchs\u00a0\u00bb, un concours stimulant organis\u00e9 par le LabEx Entreprendre (Universit\u00e9 de Montpellier) en collaboration avec la CCI H\u00e9rault. Le d\u00e9fi ? Pr\u00e9senter un projet en seulement 3 minutes devant un jury d&rsquo;experts. Une exp\u00e9rience passionnante qui met en lumi\u00e8re le dynamisme de l\u2019\u00e9cosyst\u00e8me entrepreneurial.<\/span><\/p>\n<p><span>Deux membres de la Chaire AE2i, Sylvie Sammut, Directrice de la Chaire AE2i et de Montpellier Management et Nina AUGUSTYNIAK, Ing\u00e9nieure d&rsquo;\u00e9tudes de la Chaire AE2i, ont eu l&rsquo;honneur de si\u00e9ger en tant que membres du jury d&rsquo;experts.<\/span><\/p>\n<p><span>Nous remercions chaleureusement le LabEx Entreprendre pour cette invitation et f\u00e9licitons les laur\u00e9ats du concours Zo\u00e9 Merle pour son projet Maline, Louis Zoccoli Gourdin pour Solar Experience, Livia DUBOS pour VASY, ainsi que tous les participants pour la qualit\u00e9 de leurs pitchs !<\/span><\/p>[\/et_pb_text][\/et_pb_column][\/et_pb_row][\/et_pb_section][et_pb_section fb_built=\u00a0\u00bb1&Prime; theme_builder_area=\u00a0\u00bbpost_content\u00a0\u00bb _builder_version=\u00a0\u00bb4.20.4&Prime; _module_preset=\u00a0\u00bbdefault\u00a0\u00bb][et_pb_row _builder_version=\u00a0\u00bb4.20.4&Prime; _module_preset=\u00a0\u00bbdefault\u00a0\u00bb column_structure=\u00a0\u00bb1_2,1_2&Prime; theme_builder_area=\u00a0\u00bbpost_content\u00a0\u00bb][et_pb_column _builder_version=\u00a0\u00bb4.20.4&Prime; _module_preset=\u00a0\u00bbdefault\u00a0\u00bb type=\u00a0\u00bb1_2&Prime; theme_builder_area=\u00a0\u00bbpost_content\u00a0\u00bb][et_pb_image src=\u00a0\u00bbhttps:\/\/labex-entreprendre.fr\/wp-content\/uploads\/2024\/01\/1-min-1-scaled.jpg\u00a0\u00bb _builder_version=\u00a0\u00bb4.20.4&Prime; _module_preset=\u00a0\u00bbdefault\u00a0\u00bb theme_builder_area=\u00a0\u00bbpost_content\u00a0\u00bb title_text=\u00a0\u00bb1-min (1)\u00a0\u00bb hover_enabled=\u00a0\u00bb0&Prime; sticky_enabled=\u00a0\u00bb0&Prime;][\/et_pb_image][\/et_pb_column][et_pb_column _builder_version=\u00a0\u00bb4.20.4&Prime; _module_preset=\u00a0\u00bbdefault\u00a0\u00bb type=\u00a0\u00bb1_2&Prime; theme_builder_area=\u00a0\u00bbpost_content\u00a0\u00bb][et_pb_image src=\u00a0\u00bbhttps:\/\/labex-entreprendre.fr\/wp-content\/uploads\/2024\/01\/222-scaled.jpg\u00a0\u00bb _builder_version=\u00a0\u00bb4.20.4&Prime; _module_preset=\u00a0\u00bbdefault\u00a0\u00bb theme_builder_area=\u00a0\u00bbpost_content\u00a0\u00bb title_text=\u00a0\u00bb222&Prime; hover_enabled=\u00a0\u00bb0&Prime; sticky_enabled=\u00a0\u00bb0&Prime;][\/et_pb_image][\/et_pb_column][\/et_pb_row][\/et_pb_section]\n","protected":false},"excerpt":{"rendered":"<p>Mercredi 6 d\u00e9cembre 2023, la Chaire AE2i \u00e9tait pr\u00e9sente \u00e0 la Place Creative o\u00f9 l&rsquo;entrepreneuriat \u00e9tait \u00e0 l&rsquo;honneur. Nous avons eu le privil\u00e8ge de participer \u00e0 \u00ab\u00a0La Place aux Pitchs\u00a0\u00bb, un concours stimulant organis\u00e9 par le LabEx Entreprendre (Universit\u00e9 de Montpellier) en collaboration avec la CCI H\u00e9rault. Le d\u00e9fi ? Pr\u00e9senter un projet en seulement [&hellip;]<\/p>\n","protected":false},"author":6,"featured_media":5535,"comment_status":"closed","ping_status":"closed","sticky":false,"template":"","format":"standard","meta":{"_et_pb_use_builder":"on","_et_pb_old_content":"","_et_gb_content_width":"","footnotes":""},"categories":[4,43],"tags":[],"class_list":["post-5528","post","type-post","status-publish","format-standard","has-post-thumbnail","hentry","category-actualite","category-ae2i"],"yoast_head":"<!-- This site is optimized with the Yoast SEO plugin v23.4 - https:\/\/yoast.com\/wordpress\/plugins\/seo\/ -->\n<title>Place cr\u00e9ative - Lab Entreprendre<\/title>\n<meta name=\"robots\" content=\"index, follow, max-snippet:-1, max-image-preview:large, max-video-preview:-1\" \/>\n<link rel=\"canonical\" href=\"https:\/\/labex-entreprendre.fr\/?p=5528\" \/>\n<meta property=\"og:locale\" content=\"fr_FR\" \/>\n<meta property=\"og:type\" content=\"article\" \/>\n<meta property=\"og:title\" content=\"Place cr\u00e9ative - Lab Entreprendre\" \/>\n<meta property=\"og:description\" content=\"Mercredi 6 d\u00e9cembre 2023, la Chaire AE2i \u00e9tait pr\u00e9sente \u00e0 la Place Creative o\u00f9 l&#039;entrepreneuriat \u00e9tait \u00e0 l&#039;honneur. Nous avons eu le privil\u00e8ge de participer \u00e0 &quot;La Place aux Pitchs&quot;, un concours stimulant organis\u00e9 par le LabEx Entreprendre (Universit\u00e9 de Montpellier) en collaboration avec la CCI H\u00e9rault. Le d\u00e9fi ? Pr\u00e9senter un projet en seulement [&hellip;]\" \/>\n<meta property=\"og:url\" content=\"https:\/\/labex-entreprendre.fr\/?p=5528\" \/>\n<meta property=\"og:site_name\" content=\"Lab Entreprendre\" \/>\n<meta property=\"article:published_time\" content=\"2024-01-11T15:36:47+00:00\" \/>\n<meta property=\"article:modified_time\" content=\"2025-05-02T08:35:41+00:00\" \/>\n<meta property=\"og:image\" content=\"https:\/\/labex-entreprendre.fr\/wp-content\/uploads\/2024\/01\/1-min-1-scaled.jpg\" \/>\n\t<meta property=\"og:image:width\" content=\"2560\" \/>\n\t<meta property=\"og:image:height\" content=\"1920\" \/>\n\t<meta property=\"og:image:type\" content=\"image\/jpeg\" \/>\n<meta name=\"author\" content=\"Nina Augustyniak\" \/>\n<meta name=\"twitter:card\" content=\"summary_large_image\" \/>\n<meta name=\"twitter:label1\" content=\"\u00c9crit par\" \/>\n\t<meta name=\"twitter:data1\" content=\"Nina Augustyniak\" \/>\n\t<meta name=\"twitter:label2\" content=\"Dur\u00e9e de lecture estim\u00e9e\" \/>\n\t<meta name=\"twitter:data2\" content=\"2 minutes\" \/>\n<script type=\"application\/ld+json\" class=\"yoast-schema-graph\">{\"@context\":\"https:\/\/schema.org\",\"@graph\":[{\"@type\":\"WebPage\",\"@id\":\"https:\/\/labex-entreprendre.fr\/?p=5528\",\"url\":\"https:\/\/labex-entreprendre.fr\/?p=5528\",\"name\":\"Place cr\u00e9ative - Lab Entreprendre\",\"isPartOf\":{\"@id\":\"https:\/\/labex-entreprendre.fr\/#website\"},\"primaryImageOfPage\":{\"@id\":\"https:\/\/labex-entreprendre.fr\/?p=5528#primaryimage\"},\"image\":{\"@id\":\"https:\/\/labex-entreprendre.fr\/?p=5528#primaryimage\"},\"thumbnailUrl\":\"https:\/\/labex-entreprendre.fr\/wp-content\/uploads\/2024\/01\/1-min-1-scaled.jpg\",\"datePublished\":\"2024-01-11T15:36:47+00:00\",\"dateModified\":\"2025-05-02T08:35:41+00:00\",\"author\":{\"@id\":\"https:\/\/labex-entreprendre.fr\/#\/schema\/person\/f944aaec6e377de38c6cdb40bcc77cdd\"},\"breadcrumb\":{\"@id\":\"https:\/\/labex-entreprendre.fr\/?p=5528#breadcrumb\"},\"inLanguage\":\"fr-FR\",\"potentialAction\":[{\"@type\":\"ReadAction\",\"target\":[\"https:\/\/labex-entreprendre.fr\/?p=5528\"]}]},{\"@type\":\"ImageObject\",\"inLanguage\":\"fr-FR\",\"@id\":\"https:\/\/labex-entreprendre.fr\/?p=5528#primaryimage\",\"url\":\"https:\/\/labex-entreprendre.fr\/wp-content\/uploads\/2024\/01\/1-min-1-scaled.jpg\",\"contentUrl\":\"https:\/\/labex-entreprendre.fr\/wp-content\/uploads\/2024\/01\/1-min-1-scaled.jpg\",\"width\":2560,\"height\":1920},{\"@type\":\"BreadcrumbList\",\"@id\":\"https:\/\/labex-entreprendre.fr\/?p=5528#breadcrumb\",\"itemListElement\":[{\"@type\":\"ListItem\",\"position\":1,\"name\":\"Home\",\"item\":\"https:\/\/labex-entreprendre.fr\/\"},{\"@type\":\"ListItem\",\"position\":2,\"name\":\"Place cr\u00e9ative\"}]},{\"@type\":\"WebSite\",\"@id\":\"https:\/\/labex-entreprendre.fr\/#website\",\"url\":\"https:\/\/labex-entreprendre.fr\/\",\"name\":\"Lab Entreprendre\",\"description\":\"Universit\u00e9 de Montpellier\",\"potentialAction\":[{\"@type\":\"SearchAction\",\"target\":{\"@type\":\"EntryPoint\",\"urlTemplate\":\"https:\/\/labex-entreprendre.fr\/?s={search_term_string}\"},\"query-input\":{\"@type\":\"PropertyValueSpecification\",\"valueRequired\":true,\"valueName\":\"search_term_string\"}}],\"inLanguage\":\"fr-FR\"},{\"@type\":\"Person\",\"@id\":\"https:\/\/labex-entreprendre.fr\/#\/schema\/person\/f944aaec6e377de38c6cdb40bcc77cdd\",\"name\":\"Nina Augustyniak\",\"image\":{\"@type\":\"ImageObject\",\"inLanguage\":\"fr-FR\",\"@id\":\"https:\/\/labex-entreprendre.fr\/#\/schema\/person\/image\/\",\"url\":\"https:\/\/secure.gravatar.com\/avatar\/a36d8f1bade01be1c0f66219854dca6915c8a0670cfcf5dba46d691fca48d6be?s=96&d=mm&r=g\",\"contentUrl\":\"https:\/\/secure.gravatar.com\/avatar\/a36d8f1bade01be1c0f66219854dca6915c8a0670cfcf5dba46d691fca48d6be?s=96&d=mm&r=g\",\"caption\":\"Nina Augustyniak\"},\"url\":\"https:\/\/labex-entreprendre.fr\/?author=6\"}]}<\/script>\n<!-- \/ Yoast SEO plugin. -->","yoast_head_json":{"title":"Place cr\u00e9ative - Lab Entreprendre","robots":{"index":"index","follow":"follow","max-snippet":"max-snippet:-1","max-image-preview":"max-image-preview:large","max-video-preview":"max-video-preview:-1"},"canonical":"https:\/\/labex-entreprendre.fr\/?p=5528","og_locale":"fr_FR","og_type":"article","og_title":"Place cr\u00e9ative - Lab Entreprendre","og_description":"Mercredi 6 d\u00e9cembre 2023, la Chaire AE2i \u00e9tait pr\u00e9sente \u00e0 la Place Creative o\u00f9 l'entrepreneuriat \u00e9tait \u00e0 l'honneur. Nous avons eu le privil\u00e8ge de participer \u00e0 \"La Place aux Pitchs\", un concours stimulant organis\u00e9 par le LabEx Entreprendre (Universit\u00e9 de Montpellier) en collaboration avec la CCI H\u00e9rault. Le d\u00e9fi ? Pr\u00e9senter un projet en seulement [&hellip;]","og_url":"https:\/\/labex-entreprendre.fr\/?p=5528","og_site_name":"Lab Entreprendre","article_published_time":"2024-01-11T15:36:47+00:00","article_modified_time":"2025-05-02T08:35:41+00:00","og_image":[{"width":2560,"height":1920,"url":"https:\/\/labex-entreprendre.fr\/wp-content\/uploads\/2024\/01\/1-min-1-scaled.jpg","type":"image\/jpeg"}],"author":"Nina Augustyniak","twitter_card":"summary_large_image","twitter_misc":{"\u00c9crit par":"Nina Augustyniak","Dur\u00e9e de lecture estim\u00e9e":"2 minutes"},"schema":{"@context":"https:\/\/schema.org","@graph":[{"@type":"WebPage","@id":"https:\/\/labex-entreprendre.fr\/?p=5528","url":"https:\/\/labex-entreprendre.fr\/?p=5528","name":"Place cr\u00e9ative - Lab Entreprendre","isPartOf":{"@id":"https:\/\/labex-entreprendre.fr\/#website"},"primaryImageOfPage":{"@id":"https:\/\/labex-entreprendre.fr\/?p=5528#primaryimage"},"image":{"@id":"https:\/\/labex-entreprendre.fr\/?p=5528#primaryimage"},"thumbnailUrl":"https:\/\/labex-entreprendre.fr\/wp-content\/uploads\/2024\/01\/1-min-1-scaled.jpg","datePublished":"2024-01-11T15:36:47+00:00","dateModified":"2025-05-02T08:35:41+00:00","author":{"@id":"https:\/\/labex-entreprendre.fr\/#\/schema\/person\/f944aaec6e377de38c6cdb40bcc77cdd"},"breadcrumb":{"@id":"https:\/\/labex-entreprendre.fr\/?p=5528#breadcrumb"},"inLanguage":"fr-FR","potentialAction":[{"@type":"ReadAction","target":["https:\/\/labex-entreprendre.fr\/?p=5528"]}]},{"@type":"ImageObject","inLanguage":"fr-FR","@id":"https:\/\/labex-entreprendre.fr\/?p=5528#primaryimage","url":"https:\/\/labex-entreprendre.fr\/wp-content\/uploads\/2024\/01\/1-min-1-scaled.jpg","contentUrl":"https:\/\/labex-entreprendre.fr\/wp-content\/uploads\/2024\/01\/1-min-1-scaled.jpg","width":2560,"height":1920},{"@type":"BreadcrumbList","@id":"https:\/\/labex-entreprendre.fr\/?p=5528#breadcrumb","itemListElement":[{"@type":"ListItem","position":1,"name":"Home","item":"https:\/\/labex-entreprendre.fr\/"},{"@type":"ListItem","position":2,"name":"Place cr\u00e9ative"}]},{"@type":"WebSite","@id":"https:\/\/labex-entreprendre.fr\/#website","url":"https:\/\/labex-entreprendre.fr\/","name":"Lab Entreprendre","description":"Universit\u00e9 de Montpellier","potentialAction":[{"@type":"SearchAction","target":{"@type":"EntryPoint","urlTemplate":"https:\/\/labex-entreprendre.fr\/?s={search_term_string}"},"query-input":{"@type":"PropertyValueSpecification","valueRequired":true,"valueName":"search_term_string"}}],"inLanguage":"fr-FR"},{"@type":"Person","@id":"https:\/\/labex-entreprendre.fr\/#\/schema\/person\/f944aaec6e377de38c6cdb40bcc77cdd","name":"Nina Augustyniak","image":{"@type":"ImageObject","inLanguage":"fr-FR","@id":"https:\/\/labex-entreprendre.fr\/#\/schema\/person\/image\/","url":"https:\/\/secure.gravatar.com\/avatar\/a36d8f1bade01be1c0f66219854dca6915c8a0670cfcf5dba46d691fca48d6be?s=96&d=mm&r=g","contentUrl":"https:\/\/secure.gravatar.com\/avatar\/a36d8f1bade01be1c0f66219854dca6915c8a0670cfcf5dba46d691fca48d6be?s=96&d=mm&r=g","caption":"Nina Augustyniak"},"url":"https:\/\/labex-entreprendre.fr\/?author=6"}]}},"_links":{"self":[{"href":"https:\/\/labex-entreprendre.fr\/index.php?rest_route=\/wp\/v2\/posts\/5528","targetHints":{"allow":["GET"]}}],"collection":[{"href":"https:\/\/labex-entreprendre.fr\/index.php?rest_route=\/wp\/v2\/posts"}],"about":[{"href":"https:\/\/labex-entreprendre.fr\/index.php?rest_route=\/wp\/v2\/types\/post"}],"author":[{"embeddable":true,"href":"https:\/\/labex-entreprendre.fr\/index.php?rest_route=\/wp\/v2\/users\/6"}],"replies":[{"embeddable":true,"href":"https:\/\/labex-entreprendre.fr\/index.php?rest_route=%2Fwp%2Fv2%2Fcomments&post=5528"}],"version-history":[{"count":5,"href":"https:\/\/labex-entreprendre.fr\/index.php?rest_route=\/wp\/v2\/posts\/5528\/revisions"}],"predecessor-version":[{"id":5539,"href":"https:\/\/labex-entreprendre.fr\/index.php?rest_route=\/wp\/v2\/posts\/5528\/revisions\/5539"}],"wp:featuredmedia":[{"embeddable":true,"href":"https:\/\/labex-entreprendre.fr\/index.php?rest_route=\/wp\/v2\/media\/5535"}],"wp:attachment":[{"href":"https:\/\/labex-entreprendre.fr\/index.php?rest_route=%2Fwp%2Fv2%2Fmedia&parent=5528"}],"wp:term":[{"taxonomy":"category","embeddable":true,"href":"https:\/\/labex-entreprendre.fr\/index.php?rest_route=%2Fwp%2Fv2%2Fcategories&post=5528"},{"taxonomy":"post_tag","embeddable":true,"href":"https:\/\/labex-entreprendre.fr\/index.php?rest_route=%2Fwp%2Fv2%2Ftags&post=5528"}],"curies":[{"name":"wp","href":"https:\/\/api.w.org\/{rel}","templated":true}]}}