{"id":5257,"date":"2023-10-10T16:37:23","date_gmt":"2023-10-10T14:37:23","guid":{"rendered":"https:\/\/labex-entreprendre.fr\/?p=5257"},"modified":"2023-12-01T11:56:18","modified_gmt":"2023-12-01T10:56:18","slug":"la-chaire-ecocirculab-lance-un-executive-master","status":"publish","type":"post","link":"https:\/\/labex-entreprendre.fr\/?p=5257","title":{"rendered":"La chaire Ecocirculab lance un Executive Master"},"content":{"rendered":"<p>[et_pb_section fb_built=\u00a0\u00bb1&Prime; _builder_version=\u00a0\u00bb4.20.4&Prime; _module_preset=\u00a0\u00bbdefault\u00a0\u00bb global_colors_info=\u00a0\u00bb{}\u00a0\u00bb][et_pb_row _builder_version=\u00a0\u00bb4.20.4&Prime; _module_preset=\u00a0\u00bbdefault\u00a0\u00bb global_colors_info=\u00a0\u00bb{}\u00a0\u00bb][et_pb_column type=\u00a0\u00bb4_4&Prime; _builder_version=\u00a0\u00bb4.20.4&Prime; _module_preset=\u00a0\u00bbdefault\u00a0\u00bb global_colors_info=\u00a0\u00bb{}\u00a0\u00bb][et_pb_text _builder_version=\u00a0\u00bb4.20.4&Prime; _module_preset=\u00a0\u00bbdefault\u00a0\u00bb hover_enabled=\u00a0\u00bb0&Prime; global_colors_info=\u00a0\u00bb{}\u00a0\u00bb sticky_enabled=\u00a0\u00bb0&Prime;]<\/p>\n<p style=\"font-weight: 400;\">La chaire <strong>Ecocirculab<\/strong>, nouvellement cr\u00e9\u00e9e au sein du labex Entreprendre, est heureuse de vous annoncer l&rsquo;ouverture, \u00e0 l\u2019Institut Montpellier Management (Universit\u00e9 de Montpellier), d\u2019un dipl\u00f4me d\u2019Executive Master in Business Administration (EMBA) en \u00ab\u00a0<strong>\u00c9conomie Circulaire et Transitions \u00c9cologiques et \u00c9nerg\u00e9tiques<\/strong>\u00ab\u00a0.<\/p>\n<p style=\"font-weight: 400;\">Ce master a pour vocation de former des professionnels d\u00e9sireux d\u2019acqu\u00e9rir de nouvelles comp\u00e9tences en mati\u00e8re d&rsquo;\u00e9conomie circulaire et de transition \u00e9cologique.<\/p>\n<p style=\"font-weight: 400;\">La formation d\u00e9butera en<span>\u00a0<\/span><strong>janvier 2024<\/strong><span>\u00a0<\/span>et proposera un rythme adapt\u00e9 \u00e0 des professionnels (3 jours par mois).<\/p>\n<p style=\"font-weight: 400;\">La premi\u00e8re session de cette formation est actuellement <strong>ouverte aux candidatures<\/strong>.<\/p>\n<p style=\"font-weight: 400;\">Un <strong>webinaire<\/strong> anim\u00e9 par les responsables de la formation est organis\u00e9 le<span>\u00a0<\/span><strong>mardi\u00a017 octobre \u00e0 12h30<\/strong> pour r\u00e9pondre aux questions et demandes d&rsquo;informations.<\/p>\n<p style=\"font-weight: 400;\">Pour recevoir le lien du webinaire <span style=\"text-decoration: underline;\"><strong>cliquer ci-dessous<\/strong><\/span>.<\/p>\n<p style=\"font-weight: 400;\">\u00a0contacts :<span>\u00a0<\/span><span>claire.monjarret@umontpellier.fr<\/span><span>\u00a0<\/span>et<span>\u00a0<\/span><span>gerald.naro@umontpellier.fr<\/span><\/p>\n<p>[\/et_pb_text][\/et_pb_column][\/et_pb_row][\/et_pb_section][et_pb_section fb_built=\u00a0\u00bb1&Prime; _builder_version=\u00a0\u00bb4.20.4&Prime; _module_preset=\u00a0\u00bbdefault\u00a0\u00bb global_colors_info=\u00a0\u00bb{}\u00a0\u00bb][et_pb_row column_structure=\u00a0\u00bb1_2,1_2&Prime; _builder_version=\u00a0\u00bb4.20.4&Prime; _module_preset=\u00a0\u00bbdefault\u00a0\u00bb global_colors_info=\u00a0\u00bb{}\u00a0\u00bb][et_pb_column type=\u00a0\u00bb1_2&Prime; _builder_version=\u00a0\u00bb4.20.4&Prime; _module_preset=\u00a0\u00bbdefault\u00a0\u00bb global_colors_info=\u00a0\u00bb{}\u00a0\u00bb][et_pb_button button_url=\u00a0\u00bbhttps:\/\/umontpellier-fr.zoom.us\/webinar\/register\/WN_W0OWZrCRSCugaHU6_tjFDA#\/registration\u00a0\u00bb button_text=\u00a0\u00bbS&rsquo;INSCRIRE\u00a0\u00bb _builder_version=\u00a0\u00bb4.20.4&Prime; _module_preset=\u00a0\u00bbdefault\u00a0\u00bb custom_button=\u00a0\u00bbon\u00a0\u00bb button_text_color=\u00a0\u00bb#FFFFFF\u00a0\u00bb button_bg_color=\u00a0\u00bb#8E2DAF\u00a0\u00bb global_colors_info=\u00a0\u00bb{}\u00a0\u00bb][\/et_pb_button][\/et_pb_column][et_pb_column type=\u00a0\u00bb1_2&Prime; _builder_version=\u00a0\u00bb4.20.4&Prime; _module_preset=\u00a0\u00bbdefault\u00a0\u00bb global_colors_info=\u00a0\u00bb{}\u00a0\u00bb][\/et_pb_column][\/et_pb_row][\/et_pb_section]<\/p>\n","protected":false},"excerpt":{"rendered":"<p>La chaire Ecocirculab, nouvellement cr\u00e9\u00e9e au sein du labex Entreprendre, est heureuse de vous annoncer l&rsquo;ouverture, \u00e0 l\u2019Institut Montpellier Management (Universit\u00e9 de Montpellier), d\u2019un dipl\u00f4me d\u2019Executive Master in Business Administration (EMBA) en \u00ab\u00a0\u00c9conomie Circulaire et Transitions \u00c9cologiques et \u00c9nerg\u00e9tiques\u00a0\u00bb. Ce master a pour vocation de former des professionnels d\u00e9sireux d\u2019acqu\u00e9rir de nouvelles comp\u00e9tences en mati\u00e8re [&hellip;]<\/p>\n","protected":false},"author":5,"featured_media":5261,"comment_status":"closed","ping_status":"closed","sticky":false,"template":"","format":"standard","meta":{"_et_pb_use_builder":"on","_et_pb_old_content":"","_et_gb_content_width":"","footnotes":""},"categories":[4,102],"tags":[],"class_list":["post-5257","post","type-post","status-publish","format-standard","has-post-thumbnail","hentry","category-actualite","category-ecocirculab"],"yoast_head":"<!-- This site is optimized with the Yoast SEO plugin v23.4 - https:\/\/yoast.com\/wordpress\/plugins\/seo\/ -->\n<title>La chaire Ecocirculab lance un Executive Master - Lab Entreprendre<\/title>\n<meta name=\"robots\" content=\"index, follow, max-snippet:-1, max-image-preview:large, max-video-preview:-1\" \/>\n<link rel=\"canonical\" href=\"https:\/\/labex-entreprendre.fr\/?p=5257\" \/>\n<meta property=\"og:locale\" content=\"fr_FR\" \/>\n<meta property=\"og:type\" content=\"article\" \/>\n<meta property=\"og:title\" content=\"La chaire Ecocirculab lance un Executive Master - Lab Entreprendre\" \/>\n<meta property=\"og:description\" content=\"La chaire Ecocirculab, nouvellement cr\u00e9\u00e9e au sein du labex Entreprendre, est heureuse de vous annoncer l&#039;ouverture, \u00e0 l\u2019Institut Montpellier Management (Universit\u00e9 de Montpellier), d\u2019un dipl\u00f4me d\u2019Executive Master in Business Administration (EMBA) en &quot;\u00c9conomie Circulaire et Transitions \u00c9cologiques et \u00c9nerg\u00e9tiques&quot;. Ce master a pour vocation de former des professionnels d\u00e9sireux d\u2019acqu\u00e9rir de nouvelles comp\u00e9tences en mati\u00e8re [&hellip;]\" \/>\n<meta property=\"og:url\" content=\"https:\/\/labex-entreprendre.fr\/?p=5257\" \/>\n<meta property=\"og:site_name\" content=\"Lab Entreprendre\" \/>\n<meta property=\"article:published_time\" content=\"2023-10-10T14:37:23+00:00\" \/>\n<meta property=\"article:modified_time\" content=\"2023-12-01T10:56:18+00:00\" \/>\n<meta property=\"og:image\" content=\"https:\/\/labex-entreprendre.fr\/wp-content\/uploads\/2023\/10\/EMBA-ECTEE4.jpg\" \/>\n\t<meta property=\"og:image:width\" content=\"1920\" \/>\n\t<meta property=\"og:image:height\" content=\"1080\" \/>\n\t<meta property=\"og:image:type\" content=\"image\/jpeg\" \/>\n<meta name=\"author\" content=\"Karine\" \/>\n<meta name=\"twitter:card\" content=\"summary_large_image\" \/>\n<meta name=\"twitter:label1\" content=\"\u00c9crit par\" \/>\n\t<meta name=\"twitter:data1\" content=\"Karine\" \/>\n\t<meta name=\"twitter:label2\" content=\"Dur\u00e9e de lecture estim\u00e9e\" \/>\n\t<meta name=\"twitter:data2\" content=\"2 minutes\" \/>\n<script type=\"application\/ld+json\" class=\"yoast-schema-graph\">{\"@context\":\"https:\/\/schema.org\",\"@graph\":[{\"@type\":\"WebPage\",\"@id\":\"https:\/\/labex-entreprendre.fr\/?p=5257\",\"url\":\"https:\/\/labex-entreprendre.fr\/?p=5257\",\"name\":\"La chaire Ecocirculab lance un Executive Master - Lab Entreprendre\",\"isPartOf\":{\"@id\":\"https:\/\/labex-entreprendre.fr\/#website\"},\"primaryImageOfPage\":{\"@id\":\"https:\/\/labex-entreprendre.fr\/?p=5257#primaryimage\"},\"image\":{\"@id\":\"https:\/\/labex-entreprendre.fr\/?p=5257#primaryimage\"},\"thumbnailUrl\":\"https:\/\/labex-entreprendre.fr\/wp-content\/uploads\/2023\/10\/EMBA-ECTEE4.jpg\",\"datePublished\":\"2023-10-10T14:37:23+00:00\",\"dateModified\":\"2023-12-01T10:56:18+00:00\",\"author\":{\"@id\":\"https:\/\/labex-entreprendre.fr\/#\/schema\/person\/b5a3758f0cf9881aa36230f17497fa6a\"},\"breadcrumb\":{\"@id\":\"https:\/\/labex-entreprendre.fr\/?p=5257#breadcrumb\"},\"inLanguage\":\"fr-FR\",\"potentialAction\":[{\"@type\":\"ReadAction\",\"target\":[\"https:\/\/labex-entreprendre.fr\/?p=5257\"]}]},{\"@type\":\"ImageObject\",\"inLanguage\":\"fr-FR\",\"@id\":\"https:\/\/labex-entreprendre.fr\/?p=5257#primaryimage\",\"url\":\"https:\/\/labex-entreprendre.fr\/wp-content\/uploads\/2023\/10\/EMBA-ECTEE4.jpg\",\"contentUrl\":\"https:\/\/labex-entreprendre.fr\/wp-content\/uploads\/2023\/10\/EMBA-ECTEE4.jpg\",\"width\":1920,\"height\":1080},{\"@type\":\"BreadcrumbList\",\"@id\":\"https:\/\/labex-entreprendre.fr\/?p=5257#breadcrumb\",\"itemListElement\":[{\"@type\":\"ListItem\",\"position\":1,\"name\":\"Home\",\"item\":\"https:\/\/labex-entreprendre.fr\/\"},{\"@type\":\"ListItem\",\"position\":2,\"name\":\"La chaire Ecocirculab lance un Executive Master\"}]},{\"@type\":\"WebSite\",\"@id\":\"https:\/\/labex-entreprendre.fr\/#website\",\"url\":\"https:\/\/labex-entreprendre.fr\/\",\"name\":\"Lab Entreprendre\",\"description\":\"Universit\u00e9 de Montpellier\",\"potentialAction\":[{\"@type\":\"SearchAction\",\"target\":{\"@type\":\"EntryPoint\",\"urlTemplate\":\"https:\/\/labex-entreprendre.fr\/?s={search_term_string}\"},\"query-input\":{\"@type\":\"PropertyValueSpecification\",\"valueRequired\":true,\"valueName\":\"search_term_string\"}}],\"inLanguage\":\"fr-FR\"},{\"@type\":\"Person\",\"@id\":\"https:\/\/labex-entreprendre.fr\/#\/schema\/person\/b5a3758f0cf9881aa36230f17497fa6a\",\"name\":\"Karine\",\"image\":{\"@type\":\"ImageObject\",\"inLanguage\":\"fr-FR\",\"@id\":\"https:\/\/labex-entreprendre.fr\/#\/schema\/person\/image\/\",\"url\":\"https:\/\/secure.gravatar.com\/avatar\/9b2cc07858f32b5717a43dbcadf20ee0ca2d4e6afed8ae1946bc59ca5f1d46ab?s=96&d=mm&r=g\",\"contentUrl\":\"https:\/\/secure.gravatar.com\/avatar\/9b2cc07858f32b5717a43dbcadf20ee0ca2d4e6afed8ae1946bc59ca5f1d46ab?s=96&d=mm&r=g\",\"caption\":\"Karine\"},\"url\":\"https:\/\/labex-entreprendre.fr\/?author=5\"}]}<\/script>\n<!-- \/ Yoast SEO plugin. -->","yoast_head_json":{"title":"La chaire Ecocirculab lance un Executive Master - Lab Entreprendre","robots":{"index":"index","follow":"follow","max-snippet":"max-snippet:-1","max-image-preview":"max-image-preview:large","max-video-preview":"max-video-preview:-1"},"canonical":"https:\/\/labex-entreprendre.fr\/?p=5257","og_locale":"fr_FR","og_type":"article","og_title":"La chaire Ecocirculab lance un Executive Master - Lab Entreprendre","og_description":"La chaire Ecocirculab, nouvellement cr\u00e9\u00e9e au sein du labex Entreprendre, est heureuse de vous annoncer l'ouverture, \u00e0 l\u2019Institut Montpellier Management (Universit\u00e9 de Montpellier), d\u2019un dipl\u00f4me d\u2019Executive Master in Business Administration (EMBA) en \"\u00c9conomie Circulaire et Transitions \u00c9cologiques et \u00c9nerg\u00e9tiques\". Ce master a pour vocation de former des professionnels d\u00e9sireux d\u2019acqu\u00e9rir de nouvelles comp\u00e9tences en mati\u00e8re [&hellip;]","og_url":"https:\/\/labex-entreprendre.fr\/?p=5257","og_site_name":"Lab Entreprendre","article_published_time":"2023-10-10T14:37:23+00:00","article_modified_time":"2023-12-01T10:56:18+00:00","og_image":[{"width":1920,"height":1080,"url":"https:\/\/labex-entreprendre.fr\/wp-content\/uploads\/2023\/10\/EMBA-ECTEE4.jpg","type":"image\/jpeg"}],"author":"Karine","twitter_card":"summary_large_image","twitter_misc":{"\u00c9crit par":"Karine","Dur\u00e9e de lecture estim\u00e9e":"2 minutes"},"schema":{"@context":"https:\/\/schema.org","@graph":[{"@type":"WebPage","@id":"https:\/\/labex-entreprendre.fr\/?p=5257","url":"https:\/\/labex-entreprendre.fr\/?p=5257","name":"La chaire Ecocirculab lance un Executive Master - Lab Entreprendre","isPartOf":{"@id":"https:\/\/labex-entreprendre.fr\/#website"},"primaryImageOfPage":{"@id":"https:\/\/labex-entreprendre.fr\/?p=5257#primaryimage"},"image":{"@id":"https:\/\/labex-entreprendre.fr\/?p=5257#primaryimage"},"thumbnailUrl":"https:\/\/labex-entreprendre.fr\/wp-content\/uploads\/2023\/10\/EMBA-ECTEE4.jpg","datePublished":"2023-10-10T14:37:23+00:00","dateModified":"2023-12-01T10:56:18+00:00","author":{"@id":"https:\/\/labex-entreprendre.fr\/#\/schema\/person\/b5a3758f0cf9881aa36230f17497fa6a"},"breadcrumb":{"@id":"https:\/\/labex-entreprendre.fr\/?p=5257#breadcrumb"},"inLanguage":"fr-FR","potentialAction":[{"@type":"ReadAction","target":["https:\/\/labex-entreprendre.fr\/?p=5257"]}]},{"@type":"ImageObject","inLanguage":"fr-FR","@id":"https:\/\/labex-entreprendre.fr\/?p=5257#primaryimage","url":"https:\/\/labex-entreprendre.fr\/wp-content\/uploads\/2023\/10\/EMBA-ECTEE4.jpg","contentUrl":"https:\/\/labex-entreprendre.fr\/wp-content\/uploads\/2023\/10\/EMBA-ECTEE4.jpg","width":1920,"height":1080},{"@type":"BreadcrumbList","@id":"https:\/\/labex-entreprendre.fr\/?p=5257#breadcrumb","itemListElement":[{"@type":"ListItem","position":1,"name":"Home","item":"https:\/\/labex-entreprendre.fr\/"},{"@type":"ListItem","position":2,"name":"La chaire Ecocirculab lance un Executive Master"}]},{"@type":"WebSite","@id":"https:\/\/labex-entreprendre.fr\/#website","url":"https:\/\/labex-entreprendre.fr\/","name":"Lab Entreprendre","description":"Universit\u00e9 de Montpellier","potentialAction":[{"@type":"SearchAction","target":{"@type":"EntryPoint","urlTemplate":"https:\/\/labex-entreprendre.fr\/?s={search_term_string}"},"query-input":{"@type":"PropertyValueSpecification","valueRequired":true,"valueName":"search_term_string"}}],"inLanguage":"fr-FR"},{"@type":"Person","@id":"https:\/\/labex-entreprendre.fr\/#\/schema\/person\/b5a3758f0cf9881aa36230f17497fa6a","name":"Karine","image":{"@type":"ImageObject","inLanguage":"fr-FR","@id":"https:\/\/labex-entreprendre.fr\/#\/schema\/person\/image\/","url":"https:\/\/secure.gravatar.com\/avatar\/9b2cc07858f32b5717a43dbcadf20ee0ca2d4e6afed8ae1946bc59ca5f1d46ab?s=96&d=mm&r=g","contentUrl":"https:\/\/secure.gravatar.com\/avatar\/9b2cc07858f32b5717a43dbcadf20ee0ca2d4e6afed8ae1946bc59ca5f1d46ab?s=96&d=mm&r=g","caption":"Karine"},"url":"https:\/\/labex-entreprendre.fr\/?author=5"}]}},"_links":{"self":[{"href":"https:\/\/labex-entreprendre.fr\/index.php?rest_route=\/wp\/v2\/posts\/5257","targetHints":{"allow":["GET"]}}],"collection":[{"href":"https:\/\/labex-entreprendre.fr\/index.php?rest_route=\/wp\/v2\/posts"}],"about":[{"href":"https:\/\/labex-entreprendre.fr\/index.php?rest_route=\/wp\/v2\/types\/post"}],"author":[{"embeddable":true,"href":"https:\/\/labex-entreprendre.fr\/index.php?rest_route=\/wp\/v2\/users\/5"}],"replies":[{"embeddable":true,"href":"https:\/\/labex-entreprendre.fr\/index.php?rest_route=%2Fwp%2Fv2%2Fcomments&post=5257"}],"version-history":[{"count":9,"href":"https:\/\/labex-entreprendre.fr\/index.php?rest_route=\/wp\/v2\/posts\/5257\/revisions"}],"predecessor-version":[{"id":5421,"href":"https:\/\/labex-entreprendre.fr\/index.php?rest_route=\/wp\/v2\/posts\/5257\/revisions\/5421"}],"wp:featuredmedia":[{"embeddable":true,"href":"https:\/\/labex-entreprendre.fr\/index.php?rest_route=\/wp\/v2\/media\/5261"}],"wp:attachment":[{"href":"https:\/\/labex-entreprendre.fr\/index.php?rest_route=%2Fwp%2Fv2%2Fmedia&parent=5257"}],"wp:term":[{"taxonomy":"category","embeddable":true,"href":"https:\/\/labex-entreprendre.fr\/index.php?rest_route=%2Fwp%2Fv2%2Fcategories&post=5257"},{"taxonomy":"post_tag","embeddable":true,"href":"https:\/\/labex-entreprendre.fr\/index.php?rest_route=%2Fwp%2Fv2%2Ftags&post=5257"}],"curies":[{"name":"wp","href":"https:\/\/api.w.org\/{rel}","templated":true}]}}