{"id":4492,"date":"2023-06-15T14:02:39","date_gmt":"2023-06-15T12:02:39","guid":{"rendered":"https:\/\/labex-entreprendre.fr\/?p=4492"},"modified":"2023-06-15T14:09:35","modified_gmt":"2023-06-15T12:09:35","slug":"webinaire-sur-la-situation-entrepreneuriale-en-france","status":"publish","type":"post","link":"https:\/\/labex-entreprendre.fr\/?p=4492","title":{"rendered":"Webinaire sur la situation entrepreneuriale en France"},"content":{"rendered":"\n[et_pb_section fb_built=\u00a0\u00bb1&Prime; _builder_version=\u00a0\u00bb4.20.4&Prime; _module_preset=\u00a0\u00bbdefault\u00a0\u00bb global_colors_info=\u00a0\u00bb{}\u00a0\u00bb][et_pb_row _builder_version=\u00a0\u00bb4.20.4&Prime; _module_preset=\u00a0\u00bbdefault\u00a0\u00bb global_colors_info=\u00a0\u00bb{}\u00a0\u00bb][et_pb_column type=\u00a0\u00bb4_4&Prime; _builder_version=\u00a0\u00bb4.20.4&Prime; _module_preset=\u00a0\u00bbdefault\u00a0\u00bb global_colors_info=\u00a0\u00bb{}\u00a0\u00bb][et_pb_text _builder_version=\u00a0\u00bb4.20.4&Prime; _module_preset=\u00a0\u00bbdefault\u00a0\u00bb background_enable_image=\u00a0\u00bboff\u00a0\u00bb hover_enabled=\u00a0\u00bb0&Prime; global_colors_info=\u00a0\u00bb{}\u00a0\u00bb sticky_enabled=\u00a0\u00bb0&Prime;]<p>Webinaire<\/p>\n<p><span class=\"visually-hidden\">Dates :<\/span><strong><span>22 juin 2023<\/span><\/strong><\/p>\n<p><span class=\"visually-hidden\">Horaires :<\/span><i class=\"icon-clock\"><\/i>De 17h \u00e0 18h<\/p>\n<p><span class=\"visually-hidden\">Lieu :<\/span>En ligne<\/p>\n<h2><strong>Pr\u00e9sentation du rapport national du Global Entrepreneurship Monitor<\/strong>.<\/h2>\n<p style=\"text-align: justify;\">L\u2019\u00e9quipe GEM France (Global Entrepreneurship Monitor) du Labex Entreprendre publie le 20 juin 2023 le rapport national sur l\u2019activit\u00e9 entrepreneuriale en 2022. Malgr\u00e9 une situation g\u00e9opolitique tendue, l\u2019activit\u00e9 entrepreneuriale progresse fortement. Les effets de la crise sanitaire s\u2019effacent et laissent place \u00e0 un contexte porteur. Pour autant, la position de la France au niveau international reste stable.<\/p>[\/et_pb_text][\/et_pb_column][\/et_pb_row][et_pb_row _builder_version=\u00a0\u00bb4.20.4&Prime; _module_preset=\u00a0\u00bbdefault\u00a0\u00bb column_structure=\u00a0\u00bb1_2,1_2&Prime;][et_pb_column _builder_version=\u00a0\u00bb4.20.4&Prime; _module_preset=\u00a0\u00bbdefault\u00a0\u00bb type=\u00a0\u00bb1_2&Prime;][et_pb_button button_text=\u00a0\u00bbLIEN ZOOM\u00a0\u00bb _builder_version=\u00a0\u00bb4.20.4&Prime; _module_preset=\u00a0\u00bbdefault\u00a0\u00bb button_url=\u00a0\u00bbhttps:\/\/umontpellier-fr.zoom.us\/webinar\/register\/WN_qZ5YMvPmSjW-FmpDKOiJBw#\/registration\u00a0\u00bb hover_enabled=\u00a0\u00bb0&Prime; sticky_enabled=\u00a0\u00bb0&Prime;][\/et_pb_button][\/et_pb_column][et_pb_column _builder_version=\u00a0\u00bb4.20.4&Prime; _module_preset=\u00a0\u00bbdefault\u00a0\u00bb type=\u00a0\u00bb1_2&Prime;][et_pb_button button_text=\u00a0\u00bbPLUS D&rsquo;INFO\u00a0\u00bb _builder_version=\u00a0\u00bb4.20.4&Prime; _module_preset=\u00a0\u00bbdefault\u00a0\u00bb button_url=\u00a0\u00bbhttps:\/\/labex-entreprendre.fr\/?p=4469&Prime; hover_enabled=\u00a0\u00bb0&Prime; sticky_enabled=\u00a0\u00bb0&Prime;][\/et_pb_button][\/et_pb_column][\/et_pb_row][\/et_pb_section]\n","protected":false},"excerpt":{"rendered":"<p>Webinaire Dates :22 juin 2023 Horaires :De 17h \u00e0 18h Lieu :En ligne Pr\u00e9sentation du rapport national du Global Entrepreneurship Monitor. L\u2019\u00e9quipe GEM France (Global Entrepreneurship Monitor) du Labex Entreprendre publie le 20 juin 2023 le rapport national sur l\u2019activit\u00e9 entrepreneuriale en 2022. Malgr\u00e9 une situation g\u00e9opolitique tendue, l\u2019activit\u00e9 entrepreneuriale progresse fortement. Les effets de [&hellip;]<\/p>\n","protected":false},"author":5,"featured_media":4494,"comment_status":"closed","ping_status":"closed","sticky":false,"template":"","format":"standard","meta":{"_et_pb_use_builder":"on","_et_pb_old_content":"","_et_gb_content_width":"","footnotes":""},"categories":[4,5],"tags":[],"class_list":["post-4492","post","type-post","status-publish","format-standard","has-post-thumbnail","hentry","category-actualite","category-evenement"],"yoast_head":"<!-- This site is optimized with the Yoast SEO plugin v23.4 - https:\/\/yoast.com\/wordpress\/plugins\/seo\/ -->\n<title>Webinaire sur la situation entrepreneuriale en France - Lab Entreprendre<\/title>\n<meta name=\"robots\" content=\"index, follow, max-snippet:-1, max-image-preview:large, max-video-preview:-1\" \/>\n<link rel=\"canonical\" href=\"https:\/\/labex-entreprendre.fr\/?p=4492\" \/>\n<meta property=\"og:locale\" content=\"fr_FR\" \/>\n<meta property=\"og:type\" content=\"article\" \/>\n<meta property=\"og:title\" content=\"Webinaire sur la situation entrepreneuriale en France - Lab Entreprendre\" \/>\n<meta property=\"og:description\" content=\"Webinaire Dates :22 juin 2023 Horaires :De 17h \u00e0 18h Lieu :En ligne Pr\u00e9sentation du rapport national du Global Entrepreneurship Monitor. L\u2019\u00e9quipe GEM France (Global Entrepreneurship Monitor) du Labex Entreprendre publie le 20 juin 2023 le rapport national sur l\u2019activit\u00e9 entrepreneuriale en 2022. Malgr\u00e9 une situation g\u00e9opolitique tendue, l\u2019activit\u00e9 entrepreneuriale progresse fortement. Les effets de [&hellip;]\" \/>\n<meta property=\"og:url\" content=\"https:\/\/labex-entreprendre.fr\/?p=4492\" \/>\n<meta property=\"og:site_name\" content=\"Lab Entreprendre\" \/>\n<meta property=\"article:published_time\" content=\"2023-06-15T12:02:39+00:00\" \/>\n<meta property=\"article:modified_time\" content=\"2023-06-15T12:09:35+00:00\" \/>\n<meta property=\"og:image\" content=\"https:\/\/labex-entreprendre.fr\/wp-content\/uploads\/2023\/06\/bandeau_webinaire_linkedin-1024x538.png\" \/>\n\t<meta property=\"og:image:width\" content=\"1024\" \/>\n\t<meta property=\"og:image:height\" content=\"538\" \/>\n\t<meta property=\"og:image:type\" content=\"image\/png\" \/>\n<meta name=\"author\" content=\"Karine\" \/>\n<meta name=\"twitter:card\" content=\"summary_large_image\" \/>\n<meta name=\"twitter:label1\" content=\"\u00c9crit par\" \/>\n\t<meta name=\"twitter:data1\" content=\"Karine\" \/>\n\t<meta name=\"twitter:label2\" content=\"Dur\u00e9e de lecture estim\u00e9e\" \/>\n\t<meta name=\"twitter:data2\" content=\"1 minute\" \/>\n<script type=\"application\/ld+json\" class=\"yoast-schema-graph\">{\"@context\":\"https:\/\/schema.org\",\"@graph\":[{\"@type\":\"WebPage\",\"@id\":\"https:\/\/labex-entreprendre.fr\/?p=4492\",\"url\":\"https:\/\/labex-entreprendre.fr\/?p=4492\",\"name\":\"Webinaire sur la situation entrepreneuriale en France - Lab Entreprendre\",\"isPartOf\":{\"@id\":\"https:\/\/labex-entreprendre.fr\/#website\"},\"primaryImageOfPage\":{\"@id\":\"https:\/\/labex-entreprendre.fr\/?p=4492#primaryimage\"},\"image\":{\"@id\":\"https:\/\/labex-entreprendre.fr\/?p=4492#primaryimage\"},\"thumbnailUrl\":\"https:\/\/labex-entreprendre.fr\/wp-content\/uploads\/2023\/06\/bandeau_webinaire_linkedin.png\",\"datePublished\":\"2023-06-15T12:02:39+00:00\",\"dateModified\":\"2023-06-15T12:09:35+00:00\",\"author\":{\"@id\":\"https:\/\/labex-entreprendre.fr\/#\/schema\/person\/b5a3758f0cf9881aa36230f17497fa6a\"},\"breadcrumb\":{\"@id\":\"https:\/\/labex-entreprendre.fr\/?p=4492#breadcrumb\"},\"inLanguage\":\"fr-FR\",\"potentialAction\":[{\"@type\":\"ReadAction\",\"target\":[\"https:\/\/labex-entreprendre.fr\/?p=4492\"]}]},{\"@type\":\"ImageObject\",\"inLanguage\":\"fr-FR\",\"@id\":\"https:\/\/labex-entreprendre.fr\/?p=4492#primaryimage\",\"url\":\"https:\/\/labex-entreprendre.fr\/wp-content\/uploads\/2023\/06\/bandeau_webinaire_linkedin.png\",\"contentUrl\":\"https:\/\/labex-entreprendre.fr\/wp-content\/uploads\/2023\/06\/bandeau_webinaire_linkedin.png\",\"width\":7087,\"height\":3720},{\"@type\":\"BreadcrumbList\",\"@id\":\"https:\/\/labex-entreprendre.fr\/?p=4492#breadcrumb\",\"itemListElement\":[{\"@type\":\"ListItem\",\"position\":1,\"name\":\"Home\",\"item\":\"https:\/\/labex-entreprendre.fr\/\"},{\"@type\":\"ListItem\",\"position\":2,\"name\":\"Webinaire sur la situation entrepreneuriale en France\"}]},{\"@type\":\"WebSite\",\"@id\":\"https:\/\/labex-entreprendre.fr\/#website\",\"url\":\"https:\/\/labex-entreprendre.fr\/\",\"name\":\"Lab Entreprendre\",\"description\":\"Universit\u00e9 de Montpellier\",\"potentialAction\":[{\"@type\":\"SearchAction\",\"target\":{\"@type\":\"EntryPoint\",\"urlTemplate\":\"https:\/\/labex-entreprendre.fr\/?s={search_term_string}\"},\"query-input\":{\"@type\":\"PropertyValueSpecification\",\"valueRequired\":true,\"valueName\":\"search_term_string\"}}],\"inLanguage\":\"fr-FR\"},{\"@type\":\"Person\",\"@id\":\"https:\/\/labex-entreprendre.fr\/#\/schema\/person\/b5a3758f0cf9881aa36230f17497fa6a\",\"name\":\"Karine\",\"image\":{\"@type\":\"ImageObject\",\"inLanguage\":\"fr-FR\",\"@id\":\"https:\/\/labex-entreprendre.fr\/#\/schema\/person\/image\/\",\"url\":\"https:\/\/secure.gravatar.com\/avatar\/9b2cc07858f32b5717a43dbcadf20ee0ca2d4e6afed8ae1946bc59ca5f1d46ab?s=96&d=mm&r=g\",\"contentUrl\":\"https:\/\/secure.gravatar.com\/avatar\/9b2cc07858f32b5717a43dbcadf20ee0ca2d4e6afed8ae1946bc59ca5f1d46ab?s=96&d=mm&r=g\",\"caption\":\"Karine\"},\"url\":\"https:\/\/labex-entreprendre.fr\/?author=5\"}]}<\/script>\n<!-- \/ Yoast SEO plugin. -->","yoast_head_json":{"title":"Webinaire sur la situation entrepreneuriale en France - Lab Entreprendre","robots":{"index":"index","follow":"follow","max-snippet":"max-snippet:-1","max-image-preview":"max-image-preview:large","max-video-preview":"max-video-preview:-1"},"canonical":"https:\/\/labex-entreprendre.fr\/?p=4492","og_locale":"fr_FR","og_type":"article","og_title":"Webinaire sur la situation entrepreneuriale en France - Lab Entreprendre","og_description":"Webinaire Dates :22 juin 2023 Horaires :De 17h \u00e0 18h Lieu :En ligne Pr\u00e9sentation du rapport national du Global Entrepreneurship Monitor. L\u2019\u00e9quipe GEM France (Global Entrepreneurship Monitor) du Labex Entreprendre publie le 20 juin 2023 le rapport national sur l\u2019activit\u00e9 entrepreneuriale en 2022. Malgr\u00e9 une situation g\u00e9opolitique tendue, l\u2019activit\u00e9 entrepreneuriale progresse fortement. Les effets de [&hellip;]","og_url":"https:\/\/labex-entreprendre.fr\/?p=4492","og_site_name":"Lab Entreprendre","article_published_time":"2023-06-15T12:02:39+00:00","article_modified_time":"2023-06-15T12:09:35+00:00","og_image":[{"width":1024,"height":538,"url":"https:\/\/labex-entreprendre.fr\/wp-content\/uploads\/2023\/06\/bandeau_webinaire_linkedin-1024x538.png","type":"image\/png"}],"author":"Karine","twitter_card":"summary_large_image","twitter_misc":{"\u00c9crit par":"Karine","Dur\u00e9e de lecture estim\u00e9e":"1 minute"},"schema":{"@context":"https:\/\/schema.org","@graph":[{"@type":"WebPage","@id":"https:\/\/labex-entreprendre.fr\/?p=4492","url":"https:\/\/labex-entreprendre.fr\/?p=4492","name":"Webinaire sur la situation entrepreneuriale en France - Lab Entreprendre","isPartOf":{"@id":"https:\/\/labex-entreprendre.fr\/#website"},"primaryImageOfPage":{"@id":"https:\/\/labex-entreprendre.fr\/?p=4492#primaryimage"},"image":{"@id":"https:\/\/labex-entreprendre.fr\/?p=4492#primaryimage"},"thumbnailUrl":"https:\/\/labex-entreprendre.fr\/wp-content\/uploads\/2023\/06\/bandeau_webinaire_linkedin.png","datePublished":"2023-06-15T12:02:39+00:00","dateModified":"2023-06-15T12:09:35+00:00","author":{"@id":"https:\/\/labex-entreprendre.fr\/#\/schema\/person\/b5a3758f0cf9881aa36230f17497fa6a"},"breadcrumb":{"@id":"https:\/\/labex-entreprendre.fr\/?p=4492#breadcrumb"},"inLanguage":"fr-FR","potentialAction":[{"@type":"ReadAction","target":["https:\/\/labex-entreprendre.fr\/?p=4492"]}]},{"@type":"ImageObject","inLanguage":"fr-FR","@id":"https:\/\/labex-entreprendre.fr\/?p=4492#primaryimage","url":"https:\/\/labex-entreprendre.fr\/wp-content\/uploads\/2023\/06\/bandeau_webinaire_linkedin.png","contentUrl":"https:\/\/labex-entreprendre.fr\/wp-content\/uploads\/2023\/06\/bandeau_webinaire_linkedin.png","width":7087,"height":3720},{"@type":"BreadcrumbList","@id":"https:\/\/labex-entreprendre.fr\/?p=4492#breadcrumb","itemListElement":[{"@type":"ListItem","position":1,"name":"Home","item":"https:\/\/labex-entreprendre.fr\/"},{"@type":"ListItem","position":2,"name":"Webinaire sur la situation entrepreneuriale en France"}]},{"@type":"WebSite","@id":"https:\/\/labex-entreprendre.fr\/#website","url":"https:\/\/labex-entreprendre.fr\/","name":"Lab Entreprendre","description":"Universit\u00e9 de Montpellier","potentialAction":[{"@type":"SearchAction","target":{"@type":"EntryPoint","urlTemplate":"https:\/\/labex-entreprendre.fr\/?s={search_term_string}"},"query-input":{"@type":"PropertyValueSpecification","valueRequired":true,"valueName":"search_term_string"}}],"inLanguage":"fr-FR"},{"@type":"Person","@id":"https:\/\/labex-entreprendre.fr\/#\/schema\/person\/b5a3758f0cf9881aa36230f17497fa6a","name":"Karine","image":{"@type":"ImageObject","inLanguage":"fr-FR","@id":"https:\/\/labex-entreprendre.fr\/#\/schema\/person\/image\/","url":"https:\/\/secure.gravatar.com\/avatar\/9b2cc07858f32b5717a43dbcadf20ee0ca2d4e6afed8ae1946bc59ca5f1d46ab?s=96&d=mm&r=g","contentUrl":"https:\/\/secure.gravatar.com\/avatar\/9b2cc07858f32b5717a43dbcadf20ee0ca2d4e6afed8ae1946bc59ca5f1d46ab?s=96&d=mm&r=g","caption":"Karine"},"url":"https:\/\/labex-entreprendre.fr\/?author=5"}]}},"_links":{"self":[{"href":"https:\/\/labex-entreprendre.fr\/index.php?rest_route=\/wp\/v2\/posts\/4492","targetHints":{"allow":["GET"]}}],"collection":[{"href":"https:\/\/labex-entreprendre.fr\/index.php?rest_route=\/wp\/v2\/posts"}],"about":[{"href":"https:\/\/labex-entreprendre.fr\/index.php?rest_route=\/wp\/v2\/types\/post"}],"author":[{"embeddable":true,"href":"https:\/\/labex-entreprendre.fr\/index.php?rest_route=\/wp\/v2\/users\/5"}],"replies":[{"embeddable":true,"href":"https:\/\/labex-entreprendre.fr\/index.php?rest_route=%2Fwp%2Fv2%2Fcomments&post=4492"}],"version-history":[{"count":4,"href":"https:\/\/labex-entreprendre.fr\/index.php?rest_route=\/wp\/v2\/posts\/4492\/revisions"}],"predecessor-version":[{"id":4501,"href":"https:\/\/labex-entreprendre.fr\/index.php?rest_route=\/wp\/v2\/posts\/4492\/revisions\/4501"}],"wp:featuredmedia":[{"embeddable":true,"href":"https:\/\/labex-entreprendre.fr\/index.php?rest_route=\/wp\/v2\/media\/4494"}],"wp:attachment":[{"href":"https:\/\/labex-entreprendre.fr\/index.php?rest_route=%2Fwp%2Fv2%2Fmedia&parent=4492"}],"wp:term":[{"taxonomy":"category","embeddable":true,"href":"https:\/\/labex-entreprendre.fr\/index.php?rest_route=%2Fwp%2Fv2%2Fcategories&post=4492"},{"taxonomy":"post_tag","embeddable":true,"href":"https:\/\/labex-entreprendre.fr\/index.php?rest_route=%2Fwp%2Fv2%2Ftags&post=4492"}],"curies":[{"name":"wp","href":"https:\/\/api.w.org\/{rel}","templated":true}]}}