{"id":3965,"date":"2023-04-26T09:31:44","date_gmt":"2023-04-26T07:31:44","guid":{"rendered":"https:\/\/labex-entreprendre.fr\/?p=3965"},"modified":"2023-04-26T09:31:45","modified_gmt":"2023-04-26T07:31:45","slug":"transition-ecologique-et-si-les-entreprises-faisaient-le-choix-de-la-coopetition","status":"publish","type":"post","link":"https:\/\/labex-entreprendre.fr\/?p=3965","title":{"rendered":"Transition \u00e9cologique\u00a0: et si les entreprises faisaient le choix de la\u00a0coop\u00e9tition\u00a0?"},"content":{"rendered":"\n[et_pb_section fb_built=\u00a0\u00bb1&Prime; theme_builder_area=\u00a0\u00bbpost_content\u00a0\u00bb _builder_version=\u00a0\u00bb4.20.4&Prime; _module_preset=\u00a0\u00bbdefault\u00a0\u00bb][et_pb_row _builder_version=\u00a0\u00bb4.20.4&Prime; _module_preset=\u00a0\u00bbdefault\u00a0\u00bb theme_builder_area=\u00a0\u00bbpost_content\u00a0\u00bb][et_pb_column _builder_version=\u00a0\u00bb4.20.4&Prime; _module_preset=\u00a0\u00bbdefault\u00a0\u00bb type=\u00a0\u00bb4_4&Prime; theme_builder_area=\u00a0\u00bbpost_content\u00a0\u00bb][et_pb_text _builder_version=\u00a0\u00bb4.20.4&Prime; _module_preset=\u00a0\u00bbdefault\u00a0\u00bb theme_builder_area=\u00a0\u00bbpost_content\u00a0\u00bb hover_enabled=\u00a0\u00bb0&Prime; sticky_enabled=\u00a0\u00bb0&Prime;]<div class=\"post-meta\"><span class=\"type-contenu text-uppercase\">[<a href=\"https:\/\/www.umontpellier.fr\/?type-contenu=the-conversation\" rel=\"tag\">THE CONVERSATION<\/a>] &#8211;<span>\u00a0<\/span><\/span><span class=\"posted-on\">Publi\u00e9 le<span>\u00a0<\/span><time class=\"entry-date published\" datetime=\"2023-04-24T10:39:40+00:00\">24 avril 2023<\/time><span>\u00a0<\/span><\/span><span class=\"cat-links\">dans<span>\u00a0<\/span><a href=\"https:\/\/www.umontpellier.fr\/categorie\/recherche\/science-societe\" rel=\"category tag\">Science-Soci\u00e9t\u00e9<\/a><br \/><a href=\"https:\/\/theconversation.com\/transition-ecologique-et-si-les-entreprises-faisaient-le-choix-de-la-coopetition-204211\">Lire l&rsquo;article sur son media d&rsquo;origine<\/a><\/span><\/div>\n<p>\u00ab I have a tall cappuccino for John\u2026 \u00bb. Une phrase que John entend tous les matins dans son Starbucks de Palo Alto, avant de sauter dans sa Tesla pour se rendre au travail \u00e0 San Francisco. Une routine tellement naturelle que John en oublierait presque que son caf\u00e9 comme sa voiture sont le r\u00e9sultat d\u2019une strat\u00e9gie entrepreneuriale contre nature : la coop\u00e9tition, mot-valise qui associe coop\u00e9ration et comp\u00e9tition.<\/p>\n<figure class=\"wp-block-image size-full\"><img loading=\"lazy\" decoding=\"async\" width=\"754\" height=\"490\" src=\"https:\/\/www.umontpellier.fr\/wp-content\/uploads\/2023\/04\/image-1.jpeg\" alt=\"\" class=\"wp-image-18898045 lazyautosizes lazyloaded\" data-src=\"https:\/\/www.umontpellier.fr\/wp-content\/uploads\/2023\/04\/image-1.jpeg\" data-srcset=\"https:\/\/www.umontpellier.fr\/wp-content\/uploads\/2023\/04\/image-1.jpeg 754w, https:\/\/www.umontpellier.fr\/wp-content\/uploads\/2023\/04\/image-1-300x195.jpeg 300w\" data-sizes=\"auto\" sizes=\"730px\" srcset=\"https:\/\/www.umontpellier.fr\/wp-content\/uploads\/2023\/04\/image-1.jpeg 754w, https:\/\/www.umontpellier.fr\/wp-content\/uploads\/2023\/04\/image-1-300x195.jpeg 300w\" \/><\/p>\n<figcaption class=\"wp-element-caption\">Le programme de satellites MTG a \u00e9t\u00e9 d\u00e9velopp\u00e9 entre plusieurs concurrents et fournit des donn\u00e9es m\u00e9t\u00e9orologiques pour lutter contre le changement climatique.<span>\u00a0<\/span><a href=\"https:\/\/commons.wikimedia.org\/wiki\/File:Meteosat_Third_Generation_ESA418057.jpg#\/media\/Fichier:Meteosat_Third_Generation_ESA418057.jpg\">ESA<\/a>,<span>\u00a0<\/span><a href=\"http:\/\/creativecommons.org\/licenses\/by-sa\/4.0\/\">CC BY-SA<\/a><\/figcaption>\n<\/figure>\n<p><a href=\"https:\/\/theconversation.com\/profiles\/anne-sophie-fernandez-385088\">Anne-Sophie Fernandez<\/a>,<span>\u00a0<\/span><em><a href=\"https:\/\/theconversation.com\/institutions\/universite-de-montpellier-2403\">Universit\u00e9 de Montpellier<\/a><\/em>;<span>\u00a0<\/span><a href=\"https:\/\/theconversation.com\/profiles\/audrey-rouyre-1383693\">Audrey Rouyre<\/a>,<span>\u00a0<\/span><em><a href=\"https:\/\/theconversation.com\/institutions\/montpellier-business-school-3088\">Montpellier Business School<\/a><\/em><span>\u00a0<\/span>et<span>\u00a0<\/span><a href=\"https:\/\/theconversation.com\/profiles\/paul-chiambaretto-379596\">Paul Chiambaretto<\/a>,<span>\u00a0<\/span><em><a href=\"https:\/\/theconversation.com\/institutions\/montpellier-business-school-3088\">Montpellier Business School<\/a><\/em><\/p>\n<p>Le gobelet que John ins\u00e8re dans le porte-gobelet de sa voiture r\u00e9sulte d\u2019une collaboration entre<span>\u00a0<\/span><a href=\"https:\/\/www.edie.net\/mcdonalds-and-starbucks-back-smart-reusable-cup-trials-in-california\/\">McDonalds et Starbucks<\/a><span>\u00a0<\/span>qui, bien que grands concurrents sur la restauration rapide et la vente de boissons \u00e0 emporter, sont \u00e9troitement associ\u00e9s dans leur politique de r\u00e9duction des d\u00e9chets li\u00e9s aux emballages alimentaires. De m\u00eame, la<span>\u00a0<\/span><a href=\"https:\/\/www.hindawi.com\/journals\/mpe\/2016\/7210767\/\">Tesla<\/a><span>\u00a0<\/span>que John conduit sur les routes californiennes est construite \u00e0 partir de nombreuses pi\u00e8ces et technologies issues de concurrents f\u00e9roces de Tesla, tels que Daimler ou Toyota.<\/p>\n<p>L\u2019id\u00e9e que la<span>\u00a0<\/span><a href=\"https:\/\/theconversation.com\/topics\/coopetition-62125\">coop\u00e9tition<\/a>, c\u2019est-\u00e0-dire les alliances entre des entreprises concurrentes, permet de d\u00e9velopper de nouvelles innovations, est une id\u00e9e assez r\u00e9pandue. Pour autant, comme nous l\u2019expliquons dans un<span>\u00a0<\/span><a href=\"https:\/\/www.routledge.com\/The-Routledge-Companion-to-Coopetition-Strategies\/Fernandez-Chiambaretto-Roy-Czakon\/p\/book\/9781032476056\">ouvrage<\/a>, r\u00e9sumer les apports de la coop\u00e9tition \u00e0 la simple cr\u00e9ation de valeur \u00e9conomique ou financi\u00e8re s\u2019av\u00e8re r\u00e9ducteur. Depuis une dizaine d\u2019ann\u00e9es, diff\u00e9rents travaux en sciences de gestion ont montr\u00e9 comment pareilles strat\u00e9gies permettent de d\u00e9velopper non seulement de la valeur \u00e9conomique, mais aussi de la valeur soci\u00e9tale et<span>\u00a0<\/span><a href=\"https:\/\/theconversation.com\/topics\/environnement-21017\">environnementale<\/a>. D\u00e9velopper l\u2019usage de ces strat\u00e9gies semble n\u00e9anmoins requ\u00e9rir des \u00e9volutions du<span>\u00a0<\/span><a href=\"https:\/\/theconversation.com\/topics\/droit-europeen-107798\">droit europ\u00e9en<\/a>.<\/p>\n<h2 class=\"wp-block-heading\">QUAND MUTUALISER RIME AVEC EFFICACIT\u00c9<\/h2>\n<p>D\u00e9finir ce qu\u2019est une innovation verte n\u2019est pas toujours ais\u00e9 et deux approches compl\u00e9mentaires peuvent \u00eatre envisag\u00e9es : par le produit et par le processus de conception.<\/p>\n<p>La premi\u00e8re consiste \u00e0 appliquer le qualificatif \u00ab vert \u00bb si le produit con\u00e7u est plus respectueux de l\u2019environnement que les produits existants. Dans cette logique, une voiture \u00e9lectrique (comme la Tesla de John) peut \u00eatre consid\u00e9r\u00e9e comme une innovation verte puisqu\u2019elle pollue moins qu\u2019une voiture aliment\u00e9e par des \u00e9nergies fossiles.<\/p>\n<p>Le d\u00e9veloppement d\u2019un produit plus vert repr\u00e9sente une innovation souvent plus radicale et plus risqu\u00e9e qu\u2019une innovation non verte. Pour d\u00e9velopper de telles innovations, les ressources et les comp\u00e9tences d\u2019une entreprise seule souvent ne suffisent pas. Il para\u00eet alors n\u00e9cessaire de faire appel \u00e0 l\u2019expertise de tout un secteur. C\u2019est ainsi que des entreprises concurrentes sont amen\u00e9es \u00e0 mutualiser leur savoir-faire, leurs technologies et leurs connaissances pour d\u00e9velopper de nouveaux standards verts au sein de leurs industries.<\/p>\n<p>Pour assurer la transition \u00e9cologique de l\u2019a\u00e9ronautique, par exemple, onze concurrents parmi lesquels Airbus, Dassault Aviation ou Saab se sont alli\u00e9s pour cr\u00e9er le r\u00e9seau<span>\u00a0<\/span><a href=\"https:\/\/www.clean-aviation.eu\/clean-sky-2\/programme-overview-and-structure\">Cleansky<\/a><span>\u00a0<\/span>qui comprend 54 entreprises de toutes tailles, ayant pour but d\u2019inventer et de produire les futurs avions verts de demain. Toujours dans le secteur a\u00e9rien, l\u2019entreprise<span>\u00a0<\/span><a href=\"https:\/\/air-cosmos.com\/article\/le-cfm-leap-reduit-de-15-la-consommation-de-carburant-64342\">CFM International<\/a>, qui est une<span>\u00a0<\/span><em>joint-venture<\/em><span>\u00a0<\/span>entre deux motoristes concurrents, Safran et General Electric, a r\u00e9ussi \u00e0 d\u00e9velopper des moteurs \u00e0 r\u00e9action r\u00e9duisant de plus de 15 % les \u00e9missions de dioxyde de carbone et de 50 % les \u00e9missions de dioxyde d\u2019azote. Ni Safran ni General Electric n\u2019\u00e9tait capable de d\u00e9velopper seule ces nouvelles technologies vertes. Dans le<span>\u00a0<\/span><a href=\"https:\/\/theconversation.com\/la-coopetition-voie-incontournable-de-la-reussite-spatiale-francaise-et-europeenne-192043\">secteur spatial<\/a><span>\u00a0<\/span>que nous avons \u00e9tudi\u00e9, MTG a \u00e9t\u00e9 d\u00e9velopp\u00e9e par les deux leaders de la construction de satellites, Thales Alenia Space et OHB, dans le but de suivre les \u00e9volutions m\u00e9t\u00e9orologiques et potentiellement pr\u00e9voir les futures catastrophes naturelles.<\/p>\n<figure class=\"wp-block-image\"><a href=\"https:\/\/images.theconversation.com\/files\/522089\/original\/file-20230420-18-nsu998.jpg?ixlib=rb-1.1.0&amp;rect=9%2C0%2C1080%2C719&amp;q=45&amp;auto=format&amp;w=1000&amp;fit=clip\"><img decoding=\"async\" src=\"https:\/\/images.theconversation.com\/files\/522089\/original\/file-20230420-18-nsu998.jpg?ixlib=rb-1.1.0&amp;rect=9%2C0%2C1080%2C719&amp;q=45&amp;auto=format&amp;w=754&amp;fit=clip\" alt=\"\" data-src=\"https:\/\/images.theconversation.com\/files\/522089\/original\/file-20230420-18-nsu998.jpg?ixlib=rb-1.1.0&amp;rect=9%2C0%2C1080%2C719&amp;q=45&amp;auto=format&amp;w=754&amp;fit=clip\" class=\" lazyloaded\" \/><\/a><\/p>\n<figcaption class=\"wp-element-caption\">Le turbor\u00e9acteur LEAP cod\u00e9velopp\u00e9 par Safran et General Electric s\u2019av\u00e8re moins gourmand en carburant. KGG1951\/Wikimedia,<span>\u00a0<\/span><a href=\"http:\/\/creativecommons.org\/licenses\/by-sa\/4.0\/\">CC BY-SA<\/a><\/figcaption>\n<\/figure>\n<p>La seconde approche s\u2019int\u00e9resse, quant \u00e0 elle, au processus permettant de produire le m\u00eame produit final : est-il moins consommateur de ressources ? Une nouvelle voiture essence ou diesel peut, dans cette perspective, \u00eatre consid\u00e9r\u00e9e comme une innovation verte si sa construction n\u00e9cessite moins d\u2019\u00e9nergie ou consomme moins de ressources que celle des mod\u00e8les concurrents.<\/p>\n<p>Mutualiser des cha\u00eenes de production ou cha\u00eenes logistiques concurrentes peut ainsi s\u2019av\u00e9rer efficace. C\u2019est la strat\u00e9gie adopt\u00e9e par Nestl\u00e9 au milieu des ann\u00e9es 2000 en coop\u00e9rant avec<span>\u00a0<\/span><a href=\"https:\/\/www.tandfonline.com\/doi\/full\/10.1080\/00207543.2021.1988749\">Pladis<\/a>, un de leurs concurrents au Royaume-Uni, pour r\u00e9aliser leurs livraisons en commun. Avec comme slogan \u00ab We compete on the shelf, not in the back of a lorry \u00bb (\u00ab Nous sommes concurrents dans les rayons, pas au fond d\u2019un camion \u00bb), les deux groupes ont r\u00e9ussi \u00e0 \u00e9conomiser en moyenne chaque ann\u00e9e 28 000 km de livraisons, soit 95 000 litres de carburants et 250 tonnes de CO<sub>2<\/sub>.<\/p>\n<h2 class=\"wp-block-heading\">POUR DES ENTREPRISES DE TOUTE TAILLE<\/h2>\n<p>Il n\u2019y a pas que les grands groupes qui soient concern\u00e9s. Comme nous le montrons dans nos travaux, de nombreuses start-up et PME s\u2019associent avec des concurrents pour renforcer leur capacit\u00e9 d\u2019innovation. Il en va souvent de leur survie car, \u00e9tant plus petites, ces entreprises n\u2019ont pas toujours les ressources suffisantes pour d\u00e9velopper des produits et les mettre sur le march\u00e9.<\/p>\n<p>Il en est de m\u00eame pour les enjeux li\u00e9s \u00e0 la RSE et \u00e0 la transition \u00e9cologique. Les PME aimeraient bien se saisir de ces enjeux, d\u2019autant plus que leurs clients et leurs parties prenantes y sont de plus en plus sensibles. Compte tenu de leurs ressources limit\u00e9es, elles doivent cependant souvent r\u00e9aliser des arbitrages qui les poussent \u00e0 prioriser leurs activit\u00e9s op\u00e9rationnelles courantes au d\u00e9triment de leurs engagements environnementaux.<\/p>\n<p>Coop\u00e9rer avec des concurrents peut alors leur permettre d\u2019avoir les ressources n\u00e9cessaires pour \u00e0 la fois continuer leurs activit\u00e9s tout en s\u2019engageant dans une d\u00e9marche RSE ou de transition \u00e9cologique. En Afrique du Sud, plusieurs petits vignobles concurrents qui n\u2019avaient pas les capacit\u00e9s de d\u00e9velopper leur propre fili\u00e8re de recyclage de leurs bouteilles ont ainsi collectivement agi pour d\u00e9velopper des solutions pour recycler le verre et limiter le gaspillage de ressources.<\/p>\n<p>Grands groupes et PME peuvent aussi interagir. Par exemple,<span>\u00a0<\/span><a href=\"https:\/\/www.lsa-conso.fr\/danone-et-nestle-waters-unis-pour-creer-un-pet-100-bio-source,255402\">Nestl\u00e9 Waters et Danone<\/a>, tous deux concurrents dans la distribution de boissons, ont d\u00e9cid\u00e9 en 2017 de s\u2019allier et d\u2019investir dans la petite start-up californienne Origin Materials qui d\u00e9veloppe des bouteilles en plastique int\u00e9gralement issu de ressources durables et renouvelables.<\/p>\n<h2 class=\"wp-block-heading\">DES \u00c9VOLUTIONS L\u00c9GISLATIVES N\u00c9CESSAIRES<\/h2>\n<p>Si la coop\u00e9tition est vertueuse et permet d\u2019accompagner les entreprises dans leur transition \u00e9cologique, pourquoi ne trouve-t-on pas plus d\u2019entreprises qui s\u2019engagent dans cette voie ?<\/p>\n<p>Une premi\u00e8re raison tient aux<span>\u00a0<\/span><a href=\"https:\/\/theconversation.com\/coopetition-trois-principes-pour-manager-les-tensions-128564\">tensions<\/a><span>\u00a0<\/span>g\u00e9n\u00e9r\u00e9es par ces strat\u00e9gies paradoxales. En effet, coop\u00e9rer et \u00eatre en concurrence en m\u00eame temps g\u00e9n\u00e8re des tensions dont il est souvent difficile de faire abstraction. Notre \u00e9tude sur l\u2019industrie spatiale sugg\u00e8re, en la mati\u00e8re, qu\u2019une une attention particuli\u00e8re devrait \u00eatre port\u00e9e sur le partage et la protection d\u2019informations.<\/p>\n<p>Au-del\u00e0, il existe toujours une certaine forme d\u2019incertitude quant \u00e0 la l\u00e9galit\u00e9 de ces alliances entre concurrents. L\u2019article 101 du Trait\u00e9 sur le fonctionnement de l\u2019Union europ\u00e9enne consid\u00e8re comme \u00ab incompatibles avec le march\u00e9 int\u00e9rieur et interdits tous accords entre entreprises, toutes d\u00e9cisions d\u2019associations d\u2019entreprises et toutes pratiques concert\u00e9es, qui sont susceptibles d\u2019affecter le commerce entre \u00c9tats membres et qui ont pour objet ou pour effet d\u2019emp\u00eacher, de restreindre ou de fausser le jeu de la concurrence \u00e0 l\u2019int\u00e9rieur du march\u00e9 int\u00e9rieur \u00bb.<\/p>\n<p>Or, il n\u2019est pas toujours ais\u00e9 de prouver qu\u2019un accord de coop\u00e9tition ne risque pas de restreindre ou de fausser le jeu de la concurrence. Lorsque nous nous sommes int\u00e9ress\u00e9s au<span>\u00a0<\/span><a href=\"https:\/\/www.cairn.info\/revue-management-2018-1-page-574.htm\">secteur immobilier en Europe<\/a>, nous avons ainsi observ\u00e9 que les strat\u00e9gies de coop\u00e9tition peuvent amener \u00e0 une hausse des prix des biens, r\u00e9duisant ainsi le pouvoir d\u2019achat des clients, mais apportant plus de valeur pour les vendeurs.<\/p>\n<p>C\u2019est pourquoi dans<span>\u00a0<\/span><a href=\"https:\/\/competition-policy.ec.europa.eu\/public-consultations\/2022-hbers_en\">l\u2019Union europ\u00e9enne<\/a>, mais aussi en<span>\u00a0<\/span><a href=\"https:\/\/www.lexology.com\/library\/detail.aspx?g=80294776-ce9d-4cdc-9013-4a8814807aeb\">Australie<\/a>, les r\u00e9gulateurs r\u00e9fl\u00e9chissent de plus en plus \u00e0 int\u00e9grer de mani\u00e8re explicite des exemptions permettant d\u2019\u00e9viter que le droit de la concurrence n\u2019emp\u00eache des concurrents de travailler conjointement si l\u2019accord permet d\u2019acc\u00e9l\u00e9rer la transition \u00e9cologique des entreprises en question.<\/p>\n<p>L\u2019\u00e9quilibre \u00e0 trouver entre droit de la concurrence et droit de l\u2019environnement reste n\u00e9anmoins subtile, par exemple lorsque s\u2019associent compagnies a\u00e9riennes et leurs concurrents ferroviaires. Une \u00e9volution du cadre l\u00e9gal semble en tout cas n\u00e9cessaire pour accompagner une \u00e9volution des pratiques des entreprises face \u00e0 l\u2019ampleur du d\u00e9fi environnemental qui les attend.<\/p>\n<p><a href=\"https:\/\/theconversation.com\/profiles\/anne-sophie-fernandez-385088\">Anne-Sophie Fernandez<\/a>, Ma\u00eetre de conf\u00e9rences HDR en strat\u00e9gie,<span>\u00a0<\/span><em><a href=\"https:\/\/theconversation.com\/institutions\/universite-de-montpellier-2403\">Universit\u00e9 de Montpellier<\/a><\/em>;<span>\u00a0<\/span><a href=\"https:\/\/theconversation.com\/profiles\/audrey-rouyre-1383693\">Audrey Rouyre<\/a>, Assistant Professor en Management Strat\u00e9gique,<span>\u00a0<\/span><em><a href=\"https:\/\/theconversation.com\/institutions\/montpellier-business-school-3088\">Montpellier Business School<\/a><\/em><span>\u00a0<\/span>et<span>\u00a0<\/span><a href=\"https:\/\/theconversation.com\/profiles\/paul-chiambaretto-379596\">Paul Chiambaretto<\/a>, Professeur Associ\u00e9 et directeur de la Chaire P\u00e9gase,<span>\u00a0<\/span><em><a href=\"https:\/\/theconversation.com\/institutions\/montpellier-business-school-3088\">Montpellier Business School<\/a><\/em><\/p>\n<p>Cet article est republi\u00e9 \u00e0 partir de<span>\u00a0<\/span><a href=\"https:\/\/theconversation.com\/\">The Conversation<\/a><span>\u00a0<\/span>sous licence Creative Commons. Lire l\u2019<a href=\"https:\/\/theconversation.com\/transition-ecologique-et-si-les-entreprises-faisaient-le-choix-de-la-coopetition-204211\">article original<\/a>.<\/p>\n<div class=\"post-meta\"><span class=\"tags-links\"><svg class=\"svg-icon\" width=\"16\" height=\"16\" aria-hidden=\"true\" role=\"img\" focusable=\"false\" xmlns=\"http:\/\/www.w3.org\/2000\/svg\" viewbox=\"0 0 24 24\"><path d=\"M21.41 11.58l-9-9C12.05 2.22 11.55 2 11 2H4c-1.1 0-2 .9-2 2v7c0 .55.22 1.05.59 1.42l9 9c.36.36.86.58 1.41.58.55 0 1.05-.22 1.41-.59l7-7c.37-.36.59-.86.59-1.41 0-.55-.23-1.06-.59-1.42zM5.5 7C4.67 7 4 6.33 4 5.5S4.67 4 5.5 4 7 4.67 7 5.5 6.33 7 5.5 7z\"><\/path><path d=\"M0 0h24v24H0z\" fill=\"none\"><\/path><\/svg><span>\u00a0<\/span>Mots cl\u00e9s :<span>\u00a0<\/span><a href=\"https:\/\/www.umontpellier.fr\/articles\/tag\/ecologie\" rel=\"tag\">Ecologie<\/a>,<span>\u00a0<\/span><a href=\"https:\/\/www.umontpellier.fr\/articles\/tag\/economie\" rel=\"tag\">Economie<\/a>,<span>\u00a0<\/span><a href=\"https:\/\/www.umontpellier.fr\/articles\/tag\/science\" rel=\"tag\">Science<\/a>,<span>\u00a0<\/span><a href=\"https:\/\/www.umontpellier.fr\/articles\/tag\/societe\" rel=\"tag\">Soci\u00e9t\u00e9<\/a><\/span><\/div>[\/et_pb_text][\/et_pb_column][\/et_pb_row][\/et_pb_section]\n","protected":false},"excerpt":{"rendered":"<p>[THE CONVERSATION] &#8211;\u00a0Publi\u00e9 le\u00a024 avril 2023\u00a0dans\u00a0Science-Soci\u00e9t\u00e9Lire l&rsquo;article sur son media d&rsquo;origine \u00ab I have a tall cappuccino for John\u2026 \u00bb. Une phrase que John entend tous les matins dans son Starbucks de Palo Alto, avant de sauter dans sa Tesla pour se rendre au travail \u00e0 San Francisco. Une routine tellement naturelle que John en [&hellip;]<\/p>\n","protected":false},"author":4,"featured_media":3969,"comment_status":"closed","ping_status":"closed","sticky":false,"template":"","format":"standard","meta":{"_et_pb_use_builder":"on","_et_pb_old_content":"","_et_gb_content_width":"","footnotes":""},"categories":[4,30,8],"tags":[],"class_list":["post-3965","post","type-post","status-publish","format-standard","has-post-thumbnail","hentry","category-actualite","category-news","category-presse"],"yoast_head":"<!-- This site is optimized with the Yoast SEO plugin v23.4 - https:\/\/yoast.com\/wordpress\/plugins\/seo\/ -->\n<title>Transition \u00e9cologique\u00a0: et si les entreprises faisaient le choix de la\u00a0coop\u00e9tition\u00a0? - Lab Entreprendre<\/title>\n<meta name=\"robots\" content=\"index, follow, max-snippet:-1, max-image-preview:large, max-video-preview:-1\" \/>\n<link rel=\"canonical\" href=\"https:\/\/labex-entreprendre.fr\/?p=3965\" \/>\n<meta property=\"og:locale\" content=\"fr_FR\" \/>\n<meta property=\"og:type\" content=\"article\" \/>\n<meta property=\"og:title\" content=\"Transition \u00e9cologique\u00a0: et si les entreprises faisaient le choix de la\u00a0coop\u00e9tition\u00a0? - Lab Entreprendre\" \/>\n<meta property=\"og:description\" content=\"[THE CONVERSATION] -\u00a0Publi\u00e9 le\u00a024 avril 2023\u00a0dans\u00a0Science-Soci\u00e9t\u00e9Lire l&#039;article sur son media d&#039;origine \u00ab I have a tall cappuccino for John\u2026 \u00bb. Une phrase que John entend tous les matins dans son Starbucks de Palo Alto, avant de sauter dans sa Tesla pour se rendre au travail \u00e0 San Francisco. Une routine tellement naturelle que John en [&hellip;]\" \/>\n<meta property=\"og:url\" content=\"https:\/\/labex-entreprendre.fr\/?p=3965\" \/>\n<meta property=\"og:site_name\" content=\"Lab Entreprendre\" \/>\n<meta property=\"article:published_time\" content=\"2023-04-26T07:31:44+00:00\" \/>\n<meta property=\"article:modified_time\" content=\"2023-04-26T07:31:45+00:00\" \/>\n<meta property=\"og:image\" content=\"https:\/\/labex-entreprendre.fr\/wp-content\/uploads\/2023\/04\/Capture-1.png\" \/>\n\t<meta property=\"og:image:width\" content=\"914\" \/>\n\t<meta property=\"og:image:height\" content=\"591\" \/>\n\t<meta property=\"og:image:type\" content=\"image\/png\" \/>\n<meta name=\"author\" content=\"Martin Ruvini\" \/>\n<meta name=\"twitter:card\" content=\"summary_large_image\" \/>\n<meta name=\"twitter:label1\" content=\"\u00c9crit par\" \/>\n\t<meta name=\"twitter:data1\" content=\"Martin Ruvini\" \/>\n\t<meta name=\"twitter:label2\" content=\"Dur\u00e9e de lecture estim\u00e9e\" \/>\n\t<meta name=\"twitter:data2\" content=\"8 minutes\" \/>\n<script type=\"application\/ld+json\" class=\"yoast-schema-graph\">{\"@context\":\"https:\/\/schema.org\",\"@graph\":[{\"@type\":\"WebPage\",\"@id\":\"https:\/\/labex-entreprendre.fr\/?p=3965\",\"url\":\"https:\/\/labex-entreprendre.fr\/?p=3965\",\"name\":\"Transition \u00e9cologique\u00a0: et si les entreprises faisaient le choix de la\u00a0coop\u00e9tition\u00a0? - Lab Entreprendre\",\"isPartOf\":{\"@id\":\"https:\/\/labex-entreprendre.fr\/#website\"},\"primaryImageOfPage\":{\"@id\":\"https:\/\/labex-entreprendre.fr\/?p=3965#primaryimage\"},\"image\":{\"@id\":\"https:\/\/labex-entreprendre.fr\/?p=3965#primaryimage\"},\"thumbnailUrl\":\"https:\/\/labex-entreprendre.fr\/wp-content\/uploads\/2023\/04\/Capture-1.png\",\"datePublished\":\"2023-04-26T07:31:44+00:00\",\"dateModified\":\"2023-04-26T07:31:45+00:00\",\"author\":{\"@id\":\"https:\/\/labex-entreprendre.fr\/#\/schema\/person\/bd020c307e48d21f23afdf41528f705e\"},\"breadcrumb\":{\"@id\":\"https:\/\/labex-entreprendre.fr\/?p=3965#breadcrumb\"},\"inLanguage\":\"fr-FR\",\"potentialAction\":[{\"@type\":\"ReadAction\",\"target\":[\"https:\/\/labex-entreprendre.fr\/?p=3965\"]}]},{\"@type\":\"ImageObject\",\"inLanguage\":\"fr-FR\",\"@id\":\"https:\/\/labex-entreprendre.fr\/?p=3965#primaryimage\",\"url\":\"https:\/\/labex-entreprendre.fr\/wp-content\/uploads\/2023\/04\/Capture-1.png\",\"contentUrl\":\"https:\/\/labex-entreprendre.fr\/wp-content\/uploads\/2023\/04\/Capture-1.png\",\"width\":914,\"height\":591},{\"@type\":\"BreadcrumbList\",\"@id\":\"https:\/\/labex-entreprendre.fr\/?p=3965#breadcrumb\",\"itemListElement\":[{\"@type\":\"ListItem\",\"position\":1,\"name\":\"Home\",\"item\":\"https:\/\/labex-entreprendre.fr\/\"},{\"@type\":\"ListItem\",\"position\":2,\"name\":\"Transition \u00e9cologique\u00a0: et si les entreprises faisaient le choix de la\u00a0coop\u00e9tition\u00a0?\"}]},{\"@type\":\"WebSite\",\"@id\":\"https:\/\/labex-entreprendre.fr\/#website\",\"url\":\"https:\/\/labex-entreprendre.fr\/\",\"name\":\"Lab Entreprendre\",\"description\":\"Universit\u00e9 de Montpellier\",\"potentialAction\":[{\"@type\":\"SearchAction\",\"target\":{\"@type\":\"EntryPoint\",\"urlTemplate\":\"https:\/\/labex-entreprendre.fr\/?s={search_term_string}\"},\"query-input\":{\"@type\":\"PropertyValueSpecification\",\"valueRequired\":true,\"valueName\":\"search_term_string\"}}],\"inLanguage\":\"fr-FR\"},{\"@type\":\"Person\",\"@id\":\"https:\/\/labex-entreprendre.fr\/#\/schema\/person\/bd020c307e48d21f23afdf41528f705e\",\"name\":\"Martin Ruvini\",\"image\":{\"@type\":\"ImageObject\",\"inLanguage\":\"fr-FR\",\"@id\":\"https:\/\/labex-entreprendre.fr\/#\/schema\/person\/image\/\",\"url\":\"https:\/\/secure.gravatar.com\/avatar\/bb94b1d2491b4858dcd82a2658d3a3e926a2601479e9f5ad55bcbb89398ef058?s=96&d=mm&r=g\",\"contentUrl\":\"https:\/\/secure.gravatar.com\/avatar\/bb94b1d2491b4858dcd82a2658d3a3e926a2601479e9f5ad55bcbb89398ef058?s=96&d=mm&r=g\",\"caption\":\"Martin Ruvini\"},\"url\":\"https:\/\/labex-entreprendre.fr\/?author=4\"}]}<\/script>\n<!-- \/ Yoast SEO plugin. -->","yoast_head_json":{"title":"Transition \u00e9cologique\u00a0: et si les entreprises faisaient le choix de la\u00a0coop\u00e9tition\u00a0? - Lab Entreprendre","robots":{"index":"index","follow":"follow","max-snippet":"max-snippet:-1","max-image-preview":"max-image-preview:large","max-video-preview":"max-video-preview:-1"},"canonical":"https:\/\/labex-entreprendre.fr\/?p=3965","og_locale":"fr_FR","og_type":"article","og_title":"Transition \u00e9cologique\u00a0: et si les entreprises faisaient le choix de la\u00a0coop\u00e9tition\u00a0? - Lab Entreprendre","og_description":"[THE CONVERSATION] -\u00a0Publi\u00e9 le\u00a024 avril 2023\u00a0dans\u00a0Science-Soci\u00e9t\u00e9Lire l'article sur son media d'origine \u00ab I have a tall cappuccino for John\u2026 \u00bb. Une phrase que John entend tous les matins dans son Starbucks de Palo Alto, avant de sauter dans sa Tesla pour se rendre au travail \u00e0 San Francisco. Une routine tellement naturelle que John en [&hellip;]","og_url":"https:\/\/labex-entreprendre.fr\/?p=3965","og_site_name":"Lab Entreprendre","article_published_time":"2023-04-26T07:31:44+00:00","article_modified_time":"2023-04-26T07:31:45+00:00","og_image":[{"width":914,"height":591,"url":"https:\/\/labex-entreprendre.fr\/wp-content\/uploads\/2023\/04\/Capture-1.png","type":"image\/png"}],"author":"Martin Ruvini","twitter_card":"summary_large_image","twitter_misc":{"\u00c9crit par":"Martin Ruvini","Dur\u00e9e de lecture estim\u00e9e":"8 minutes"},"schema":{"@context":"https:\/\/schema.org","@graph":[{"@type":"WebPage","@id":"https:\/\/labex-entreprendre.fr\/?p=3965","url":"https:\/\/labex-entreprendre.fr\/?p=3965","name":"Transition \u00e9cologique\u00a0: et si les entreprises faisaient le choix de la\u00a0coop\u00e9tition\u00a0? - Lab Entreprendre","isPartOf":{"@id":"https:\/\/labex-entreprendre.fr\/#website"},"primaryImageOfPage":{"@id":"https:\/\/labex-entreprendre.fr\/?p=3965#primaryimage"},"image":{"@id":"https:\/\/labex-entreprendre.fr\/?p=3965#primaryimage"},"thumbnailUrl":"https:\/\/labex-entreprendre.fr\/wp-content\/uploads\/2023\/04\/Capture-1.png","datePublished":"2023-04-26T07:31:44+00:00","dateModified":"2023-04-26T07:31:45+00:00","author":{"@id":"https:\/\/labex-entreprendre.fr\/#\/schema\/person\/bd020c307e48d21f23afdf41528f705e"},"breadcrumb":{"@id":"https:\/\/labex-entreprendre.fr\/?p=3965#breadcrumb"},"inLanguage":"fr-FR","potentialAction":[{"@type":"ReadAction","target":["https:\/\/labex-entreprendre.fr\/?p=3965"]}]},{"@type":"ImageObject","inLanguage":"fr-FR","@id":"https:\/\/labex-entreprendre.fr\/?p=3965#primaryimage","url":"https:\/\/labex-entreprendre.fr\/wp-content\/uploads\/2023\/04\/Capture-1.png","contentUrl":"https:\/\/labex-entreprendre.fr\/wp-content\/uploads\/2023\/04\/Capture-1.png","width":914,"height":591},{"@type":"BreadcrumbList","@id":"https:\/\/labex-entreprendre.fr\/?p=3965#breadcrumb","itemListElement":[{"@type":"ListItem","position":1,"name":"Home","item":"https:\/\/labex-entreprendre.fr\/"},{"@type":"ListItem","position":2,"name":"Transition \u00e9cologique\u00a0: et si les entreprises faisaient le choix de la\u00a0coop\u00e9tition\u00a0?"}]},{"@type":"WebSite","@id":"https:\/\/labex-entreprendre.fr\/#website","url":"https:\/\/labex-entreprendre.fr\/","name":"Lab Entreprendre","description":"Universit\u00e9 de Montpellier","potentialAction":[{"@type":"SearchAction","target":{"@type":"EntryPoint","urlTemplate":"https:\/\/labex-entreprendre.fr\/?s={search_term_string}"},"query-input":{"@type":"PropertyValueSpecification","valueRequired":true,"valueName":"search_term_string"}}],"inLanguage":"fr-FR"},{"@type":"Person","@id":"https:\/\/labex-entreprendre.fr\/#\/schema\/person\/bd020c307e48d21f23afdf41528f705e","name":"Martin Ruvini","image":{"@type":"ImageObject","inLanguage":"fr-FR","@id":"https:\/\/labex-entreprendre.fr\/#\/schema\/person\/image\/","url":"https:\/\/secure.gravatar.com\/avatar\/bb94b1d2491b4858dcd82a2658d3a3e926a2601479e9f5ad55bcbb89398ef058?s=96&d=mm&r=g","contentUrl":"https:\/\/secure.gravatar.com\/avatar\/bb94b1d2491b4858dcd82a2658d3a3e926a2601479e9f5ad55bcbb89398ef058?s=96&d=mm&r=g","caption":"Martin Ruvini"},"url":"https:\/\/labex-entreprendre.fr\/?author=4"}]}},"_links":{"self":[{"href":"https:\/\/labex-entreprendre.fr\/index.php?rest_route=\/wp\/v2\/posts\/3965","targetHints":{"allow":["GET"]}}],"collection":[{"href":"https:\/\/labex-entreprendre.fr\/index.php?rest_route=\/wp\/v2\/posts"}],"about":[{"href":"https:\/\/labex-entreprendre.fr\/index.php?rest_route=\/wp\/v2\/types\/post"}],"author":[{"embeddable":true,"href":"https:\/\/labex-entreprendre.fr\/index.php?rest_route=\/wp\/v2\/users\/4"}],"replies":[{"embeddable":true,"href":"https:\/\/labex-entreprendre.fr\/index.php?rest_route=%2Fwp%2Fv2%2Fcomments&post=3965"}],"version-history":[{"count":3,"href":"https:\/\/labex-entreprendre.fr\/index.php?rest_route=\/wp\/v2\/posts\/3965\/revisions"}],"predecessor-version":[{"id":3971,"href":"https:\/\/labex-entreprendre.fr\/index.php?rest_route=\/wp\/v2\/posts\/3965\/revisions\/3971"}],"wp:featuredmedia":[{"embeddable":true,"href":"https:\/\/labex-entreprendre.fr\/index.php?rest_route=\/wp\/v2\/media\/3969"}],"wp:attachment":[{"href":"https:\/\/labex-entreprendre.fr\/index.php?rest_route=%2Fwp%2Fv2%2Fmedia&parent=3965"}],"wp:term":[{"taxonomy":"category","embeddable":true,"href":"https:\/\/labex-entreprendre.fr\/index.php?rest_route=%2Fwp%2Fv2%2Fcategories&post=3965"},{"taxonomy":"post_tag","embeddable":true,"href":"https:\/\/labex-entreprendre.fr\/index.php?rest_route=%2Fwp%2Fv2%2Ftags&post=3965"}],"curies":[{"name":"wp","href":"https:\/\/api.w.org\/{rel}","templated":true}]}}