{"id":3747,"date":"2023-04-01T12:00:00","date_gmt":"2023-04-01T10:00:00","guid":{"rendered":"https:\/\/labex-entreprendre.fr\/?p=3747"},"modified":"2023-06-05T14:34:50","modified_gmt":"2023-06-05T12:34:50","slug":"__trashed","status":"publish","type":"post","link":"https:\/\/labex-entreprendre.fr\/?p=3747","title":{"rendered":"Premi\u00e8re table ronde de la Chaire AE2i &#8211; \u00ab\u00a0Entreprendre durablement : des paroles et des actes\u00a0\u00bb &#8211; 30 mai 2023"},"content":{"rendered":"\n[et_pb_section fb_built=\u00a0\u00bb1&Prime; _builder_version=\u00a0\u00bb4.20.4&Prime; _module_preset=\u00a0\u00bbdefault\u00a0\u00bb global_colors_info=\u00a0\u00bb{}\u00a0\u00bb][et_pb_row _builder_version=\u00a0\u00bb4.20.4&Prime; _module_preset=\u00a0\u00bbdefault\u00a0\u00bb global_colors_info=\u00a0\u00bb{}\u00a0\u00bb][et_pb_column type=\u00a0\u00bb4_4&Prime; _builder_version=\u00a0\u00bb4.20.4&Prime; _module_preset=\u00a0\u00bbdefault\u00a0\u00bb global_colors_info=\u00a0\u00bb{}\u00a0\u00bb][et_pb_text _builder_version=\u00a0\u00bb4.20.4&Prime; _module_preset=\u00a0\u00bbdefault\u00a0\u00bb global_colors_info=\u00a0\u00bb{}\u00a0\u00bb]<p>La Chaire AE2i a le plaisir de vous annoncer son premier \u00e9v\u00e8nement, la table ronde \u00ab\u00a0<strong>Entreprendre durablement : des paroles et des actes\u00a0\u00bb<\/strong>, qui se tiendra le <strong>mardi 30 mai 2023<\/strong> \u00e0 <strong>18h00<\/strong> \u00e0 <strong>Montpellier Management<\/strong> (B\u00e2timent B &#8211; Amphith\u00e9\u00e2tre B009).<\/p>\n<p>Les intervenants :<br \/><strong>Jean-Marie COURRENT<\/strong>, Directeur du Labex Entreprendre, Professeur des Universit\u00e9s<br \/><strong>Hind EMAD<\/strong>, Vice-pr\u00e9sidente de Montpellier M\u00e9diterran\u00e9e M\u00e9tropole, D\u00e9l\u00e9gu\u00e9e au d\u00e9veloppement \u00e9conomique et num\u00e9rique<br \/><strong>Jil HECK<\/strong>, Charg\u00e9e de mission \u00e9conomie circulaire \u00e0 S\u00e8te Agglop\u00f4le M\u00e9diterran\u00e9e<br \/><strong>Virginie MONNIER-MANGUE<\/strong>, Pr\u00e9sidente de CleanTech Vall\u00e9e, Groupe EDF Occitanie-Est<br \/><strong>G\u00e9rald NARO<\/strong>, Responsable du Master Management de la Transition \u00c9cologique et de l\u2019\u00c9conomie Circulaire, Professeur des Universit\u00e9s<br \/><strong>Philippe RAJOSEFA<\/strong>, Responsable d\u2019Alter&rsquo;Incub et Alter&rsquo;Venture<\/p>\n<p>La table ronde sera anim\u00e9e par <strong>Sylvie SAMMUT<\/strong>, Directrice de la Chaire AE2i et de Montpellier Management, Professeur des Universit\u00e9s<\/p>\n<p>Elle sera suivie d\u2019un moment convivial autour d\u2019un cocktail, Maison des Etudiants \u00ab Aim\u00e9 Schoenig \u00bb.<\/p>\n<p>Nous vous remercions de confirmer obligatoirement votre pr\u00e9sence via le formulaire d&rsquo;inscription : https:\/\/docs.google.com\/forms\/d\/e\/1FAIpQLSfgV_2KJSbIGJy8hx2UFhevwhBIZeJIN06d0jmZThlPRNHNIg\/viewform<strong><\/strong><\/p>\n<p>N\u2019h\u00e9sitez pas \u00e0 diffuser l\u2019information aux personnes potentiellement int\u00e9ress\u00e9es dans vos r\u00e9seaux.<\/p>\n<p>Au plaisir de vous retrouver nombreux.ses.<\/p>[\/et_pb_text][\/et_pb_column][\/et_pb_row][et_pb_row _builder_version=\u00a0\u00bb4.20.4&Prime; _module_preset=\u00a0\u00bbdefault\u00a0\u00bb][et_pb_column _builder_version=\u00a0\u00bb4.20.4&Prime; _module_preset=\u00a0\u00bbdefault\u00a0\u00bb type=\u00a0\u00bb4_4&Prime;][et_pb_social_media_follow _builder_version=\u00a0\u00bb4.20.4&Prime; _module_preset=\u00a0\u00bbdefault\u00a0\u00bb follow_button=\u00a0\u00bbon\u00a0\u00bb icon_color=\u00a0\u00bb#FFFFFF\u00a0\u00bb hover_enabled=\u00a0\u00bb0&Prime; sticky_enabled=\u00a0\u00bb0&Prime; custom_button=\u00a0\u00bbon\u00a0\u00bb button_text_color=\u00a0\u00bb#000000&Prime; button_bg_color=\u00a0\u00bb#FFFFFF\u00a0\u00bb button_bg_enable_color=\u00a0\u00bbon\u00a0\u00bb][et_pb_social_media_follow_network social_network=\u00a0\u00bblinkedin\u00a0\u00bb background_color=\u00a0\u00bb#007bb6&Prime; _builder_version=\u00a0\u00bb4.20.4&Prime; _module_preset=\u00a0\u00bbdefault\u00a0\u00bb follow_button=\u00a0\u00bbon\u00a0\u00bb url_new_window=\u00a0\u00bbon\u00a0\u00bb url=\u00a0\u00bbhttps:\/\/www.linkedin.com\/in\/chaire-ae2i\/\u00a0\u00bb hover_enabled=\u00a0\u00bb0&Prime; sticky_enabled=\u00a0\u00bb0&Prime;]linkedin[\/et_pb_social_media_follow_network][\/et_pb_social_media_follow][\/et_pb_column][\/et_pb_row][\/et_pb_section]\n","protected":false},"excerpt":{"rendered":"<p>La Chaire AE2i a le plaisir de vous annoncer son premier \u00e9v\u00e8nement, la table ronde \u00ab\u00a0Entreprendre durablement : des paroles et des actes\u00a0\u00bb, qui se tiendra le mardi 30 mai 2023 \u00e0 18h00 \u00e0 Montpellier Management (B\u00e2timent B &#8211; Amphith\u00e9\u00e2tre B009). Les intervenants :Jean-Marie COURRENT, Directeur du Labex Entreprendre, Professeur des Universit\u00e9sHind EMAD, Vice-pr\u00e9sidente de [&hellip;]<\/p>\n","protected":false},"author":6,"featured_media":3973,"comment_status":"closed","ping_status":"closed","sticky":false,"template":"","format":"standard","meta":{"_et_pb_use_builder":"on","_et_pb_old_content":"","_et_gb_content_width":"","footnotes":""},"categories":[4,43],"tags":[],"class_list":["post-3747","post","type-post","status-publish","format-standard","has-post-thumbnail","hentry","category-actualite","category-ae2i"],"yoast_head":"<!-- This site is optimized with the Yoast SEO plugin v23.4 - https:\/\/yoast.com\/wordpress\/plugins\/seo\/ -->\n<title>Premi\u00e8re table ronde de la Chaire AE2i - &quot;Entreprendre durablement : des paroles et des actes&quot; - 30 mai 2023 - Lab Entreprendre<\/title>\n<meta name=\"robots\" content=\"index, follow, max-snippet:-1, max-image-preview:large, max-video-preview:-1\" \/>\n<link rel=\"canonical\" href=\"https:\/\/labex-entreprendre.fr\/?p=3747\" \/>\n<meta property=\"og:locale\" content=\"fr_FR\" \/>\n<meta property=\"og:type\" content=\"article\" \/>\n<meta property=\"og:title\" content=\"Premi\u00e8re table ronde de la Chaire AE2i - &quot;Entreprendre durablement : des paroles et des actes&quot; - 30 mai 2023 - Lab Entreprendre\" \/>\n<meta property=\"og:description\" content=\"La Chaire AE2i a le plaisir de vous annoncer son premier \u00e9v\u00e8nement, la table ronde &quot;Entreprendre durablement : des paroles et des actes&quot;, qui se tiendra le mardi 30 mai 2023 \u00e0 18h00 \u00e0 Montpellier Management (B\u00e2timent B - Amphith\u00e9\u00e2tre B009). Les intervenants :Jean-Marie COURRENT, Directeur du Labex Entreprendre, Professeur des Universit\u00e9sHind EMAD, Vice-pr\u00e9sidente de [&hellip;]\" \/>\n<meta property=\"og:url\" content=\"https:\/\/labex-entreprendre.fr\/?p=3747\" \/>\n<meta property=\"og:site_name\" content=\"Lab Entreprendre\" \/>\n<meta property=\"article:published_time\" content=\"2023-04-01T10:00:00+00:00\" \/>\n<meta property=\"article:modified_time\" content=\"2023-06-05T12:34:50+00:00\" \/>\n<meta property=\"og:image\" content=\"https:\/\/labex-entreprendre.fr\/wp-content\/uploads\/2023\/04\/Table-ronde-du-30-mai-2023-Chaire-AE2i-Labex-Entreprendre.png\" \/>\n\t<meta property=\"og:image:width\" content=\"1587\" \/>\n\t<meta property=\"og:image:height\" content=\"2245\" \/>\n\t<meta property=\"og:image:type\" content=\"image\/png\" \/>\n<meta name=\"author\" content=\"Nina Augustyniak\" \/>\n<meta name=\"twitter:card\" content=\"summary_large_image\" \/>\n<meta name=\"twitter:label1\" content=\"\u00c9crit par\" \/>\n\t<meta name=\"twitter:data1\" content=\"Nina Augustyniak\" \/>\n\t<meta name=\"twitter:label2\" content=\"Dur\u00e9e de lecture estim\u00e9e\" \/>\n\t<meta name=\"twitter:data2\" content=\"2 minutes\" \/>\n<script type=\"application\/ld+json\" class=\"yoast-schema-graph\">{\"@context\":\"https:\/\/schema.org\",\"@graph\":[{\"@type\":\"WebPage\",\"@id\":\"https:\/\/labex-entreprendre.fr\/?p=3747\",\"url\":\"https:\/\/labex-entreprendre.fr\/?p=3747\",\"name\":\"Premi\u00e8re table ronde de la Chaire AE2i - \\\"Entreprendre durablement : des paroles et des actes\\\" - 30 mai 2023 - Lab Entreprendre\",\"isPartOf\":{\"@id\":\"https:\/\/labex-entreprendre.fr\/#website\"},\"primaryImageOfPage\":{\"@id\":\"https:\/\/labex-entreprendre.fr\/?p=3747#primaryimage\"},\"image\":{\"@id\":\"https:\/\/labex-entreprendre.fr\/?p=3747#primaryimage\"},\"thumbnailUrl\":\"https:\/\/labex-entreprendre.fr\/wp-content\/uploads\/2023\/04\/Table-ronde-du-30-mai-2023-Chaire-AE2i-Labex-Entreprendre.png\",\"datePublished\":\"2023-04-01T10:00:00+00:00\",\"dateModified\":\"2023-06-05T12:34:50+00:00\",\"author\":{\"@id\":\"https:\/\/labex-entreprendre.fr\/#\/schema\/person\/f944aaec6e377de38c6cdb40bcc77cdd\"},\"breadcrumb\":{\"@id\":\"https:\/\/labex-entreprendre.fr\/?p=3747#breadcrumb\"},\"inLanguage\":\"fr-FR\",\"potentialAction\":[{\"@type\":\"ReadAction\",\"target\":[\"https:\/\/labex-entreprendre.fr\/?p=3747\"]}]},{\"@type\":\"ImageObject\",\"inLanguage\":\"fr-FR\",\"@id\":\"https:\/\/labex-entreprendre.fr\/?p=3747#primaryimage\",\"url\":\"https:\/\/labex-entreprendre.fr\/wp-content\/uploads\/2023\/04\/Table-ronde-du-30-mai-2023-Chaire-AE2i-Labex-Entreprendre.png\",\"contentUrl\":\"https:\/\/labex-entreprendre.fr\/wp-content\/uploads\/2023\/04\/Table-ronde-du-30-mai-2023-Chaire-AE2i-Labex-Entreprendre.png\",\"width\":1587,\"height\":2245},{\"@type\":\"BreadcrumbList\",\"@id\":\"https:\/\/labex-entreprendre.fr\/?p=3747#breadcrumb\",\"itemListElement\":[{\"@type\":\"ListItem\",\"position\":1,\"name\":\"Home\",\"item\":\"https:\/\/labex-entreprendre.fr\/\"},{\"@type\":\"ListItem\",\"position\":2,\"name\":\"Premi\u00e8re table ronde de la Chaire AE2i &#8211; \u00ab\u00a0Entreprendre durablement : des paroles et des actes\u00a0\u00bb &#8211; 30 mai 2023\"}]},{\"@type\":\"WebSite\",\"@id\":\"https:\/\/labex-entreprendre.fr\/#website\",\"url\":\"https:\/\/labex-entreprendre.fr\/\",\"name\":\"Lab Entreprendre\",\"description\":\"Universit\u00e9 de Montpellier\",\"potentialAction\":[{\"@type\":\"SearchAction\",\"target\":{\"@type\":\"EntryPoint\",\"urlTemplate\":\"https:\/\/labex-entreprendre.fr\/?s={search_term_string}\"},\"query-input\":{\"@type\":\"PropertyValueSpecification\",\"valueRequired\":true,\"valueName\":\"search_term_string\"}}],\"inLanguage\":\"fr-FR\"},{\"@type\":\"Person\",\"@id\":\"https:\/\/labex-entreprendre.fr\/#\/schema\/person\/f944aaec6e377de38c6cdb40bcc77cdd\",\"name\":\"Nina Augustyniak\",\"image\":{\"@type\":\"ImageObject\",\"inLanguage\":\"fr-FR\",\"@id\":\"https:\/\/labex-entreprendre.fr\/#\/schema\/person\/image\/\",\"url\":\"https:\/\/secure.gravatar.com\/avatar\/a36d8f1bade01be1c0f66219854dca6915c8a0670cfcf5dba46d691fca48d6be?s=96&d=mm&r=g\",\"contentUrl\":\"https:\/\/secure.gravatar.com\/avatar\/a36d8f1bade01be1c0f66219854dca6915c8a0670cfcf5dba46d691fca48d6be?s=96&d=mm&r=g\",\"caption\":\"Nina Augustyniak\"},\"url\":\"https:\/\/labex-entreprendre.fr\/?author=6\"}]}<\/script>\n<!-- \/ Yoast SEO plugin. -->","yoast_head_json":{"title":"Premi\u00e8re table ronde de la Chaire AE2i - \"Entreprendre durablement : des paroles et des actes\" - 30 mai 2023 - Lab Entreprendre","robots":{"index":"index","follow":"follow","max-snippet":"max-snippet:-1","max-image-preview":"max-image-preview:large","max-video-preview":"max-video-preview:-1"},"canonical":"https:\/\/labex-entreprendre.fr\/?p=3747","og_locale":"fr_FR","og_type":"article","og_title":"Premi\u00e8re table ronde de la Chaire AE2i - \"Entreprendre durablement : des paroles et des actes\" - 30 mai 2023 - Lab Entreprendre","og_description":"La Chaire AE2i a le plaisir de vous annoncer son premier \u00e9v\u00e8nement, la table ronde \"Entreprendre durablement : des paroles et des actes\", qui se tiendra le mardi 30 mai 2023 \u00e0 18h00 \u00e0 Montpellier Management (B\u00e2timent B - Amphith\u00e9\u00e2tre B009). Les intervenants :Jean-Marie COURRENT, Directeur du Labex Entreprendre, Professeur des Universit\u00e9sHind EMAD, Vice-pr\u00e9sidente de [&hellip;]","og_url":"https:\/\/labex-entreprendre.fr\/?p=3747","og_site_name":"Lab Entreprendre","article_published_time":"2023-04-01T10:00:00+00:00","article_modified_time":"2023-06-05T12:34:50+00:00","og_image":[{"width":1587,"height":2245,"url":"https:\/\/labex-entreprendre.fr\/wp-content\/uploads\/2023\/04\/Table-ronde-du-30-mai-2023-Chaire-AE2i-Labex-Entreprendre.png","type":"image\/png"}],"author":"Nina Augustyniak","twitter_card":"summary_large_image","twitter_misc":{"\u00c9crit par":"Nina Augustyniak","Dur\u00e9e de lecture estim\u00e9e":"2 minutes"},"schema":{"@context":"https:\/\/schema.org","@graph":[{"@type":"WebPage","@id":"https:\/\/labex-entreprendre.fr\/?p=3747","url":"https:\/\/labex-entreprendre.fr\/?p=3747","name":"Premi\u00e8re table ronde de la Chaire AE2i - \"Entreprendre durablement : des paroles et des actes\" - 30 mai 2023 - Lab Entreprendre","isPartOf":{"@id":"https:\/\/labex-entreprendre.fr\/#website"},"primaryImageOfPage":{"@id":"https:\/\/labex-entreprendre.fr\/?p=3747#primaryimage"},"image":{"@id":"https:\/\/labex-entreprendre.fr\/?p=3747#primaryimage"},"thumbnailUrl":"https:\/\/labex-entreprendre.fr\/wp-content\/uploads\/2023\/04\/Table-ronde-du-30-mai-2023-Chaire-AE2i-Labex-Entreprendre.png","datePublished":"2023-04-01T10:00:00+00:00","dateModified":"2023-06-05T12:34:50+00:00","author":{"@id":"https:\/\/labex-entreprendre.fr\/#\/schema\/person\/f944aaec6e377de38c6cdb40bcc77cdd"},"breadcrumb":{"@id":"https:\/\/labex-entreprendre.fr\/?p=3747#breadcrumb"},"inLanguage":"fr-FR","potentialAction":[{"@type":"ReadAction","target":["https:\/\/labex-entreprendre.fr\/?p=3747"]}]},{"@type":"ImageObject","inLanguage":"fr-FR","@id":"https:\/\/labex-entreprendre.fr\/?p=3747#primaryimage","url":"https:\/\/labex-entreprendre.fr\/wp-content\/uploads\/2023\/04\/Table-ronde-du-30-mai-2023-Chaire-AE2i-Labex-Entreprendre.png","contentUrl":"https:\/\/labex-entreprendre.fr\/wp-content\/uploads\/2023\/04\/Table-ronde-du-30-mai-2023-Chaire-AE2i-Labex-Entreprendre.png","width":1587,"height":2245},{"@type":"BreadcrumbList","@id":"https:\/\/labex-entreprendre.fr\/?p=3747#breadcrumb","itemListElement":[{"@type":"ListItem","position":1,"name":"Home","item":"https:\/\/labex-entreprendre.fr\/"},{"@type":"ListItem","position":2,"name":"Premi\u00e8re table ronde de la Chaire AE2i &#8211; \u00ab\u00a0Entreprendre durablement : des paroles et des actes\u00a0\u00bb &#8211; 30 mai 2023"}]},{"@type":"WebSite","@id":"https:\/\/labex-entreprendre.fr\/#website","url":"https:\/\/labex-entreprendre.fr\/","name":"Lab Entreprendre","description":"Universit\u00e9 de Montpellier","potentialAction":[{"@type":"SearchAction","target":{"@type":"EntryPoint","urlTemplate":"https:\/\/labex-entreprendre.fr\/?s={search_term_string}"},"query-input":{"@type":"PropertyValueSpecification","valueRequired":true,"valueName":"search_term_string"}}],"inLanguage":"fr-FR"},{"@type":"Person","@id":"https:\/\/labex-entreprendre.fr\/#\/schema\/person\/f944aaec6e377de38c6cdb40bcc77cdd","name":"Nina Augustyniak","image":{"@type":"ImageObject","inLanguage":"fr-FR","@id":"https:\/\/labex-entreprendre.fr\/#\/schema\/person\/image\/","url":"https:\/\/secure.gravatar.com\/avatar\/a36d8f1bade01be1c0f66219854dca6915c8a0670cfcf5dba46d691fca48d6be?s=96&d=mm&r=g","contentUrl":"https:\/\/secure.gravatar.com\/avatar\/a36d8f1bade01be1c0f66219854dca6915c8a0670cfcf5dba46d691fca48d6be?s=96&d=mm&r=g","caption":"Nina Augustyniak"},"url":"https:\/\/labex-entreprendre.fr\/?author=6"}]}},"_links":{"self":[{"href":"https:\/\/labex-entreprendre.fr\/index.php?rest_route=\/wp\/v2\/posts\/3747","targetHints":{"allow":["GET"]}}],"collection":[{"href":"https:\/\/labex-entreprendre.fr\/index.php?rest_route=\/wp\/v2\/posts"}],"about":[{"href":"https:\/\/labex-entreprendre.fr\/index.php?rest_route=\/wp\/v2\/types\/post"}],"author":[{"embeddable":true,"href":"https:\/\/labex-entreprendre.fr\/index.php?rest_route=\/wp\/v2\/users\/6"}],"replies":[{"embeddable":true,"href":"https:\/\/labex-entreprendre.fr\/index.php?rest_route=%2Fwp%2Fv2%2Fcomments&post=3747"}],"version-history":[{"count":14,"href":"https:\/\/labex-entreprendre.fr\/index.php?rest_route=\/wp\/v2\/posts\/3747\/revisions"}],"predecessor-version":[{"id":4381,"href":"https:\/\/labex-entreprendre.fr\/index.php?rest_route=\/wp\/v2\/posts\/3747\/revisions\/4381"}],"wp:featuredmedia":[{"embeddable":true,"href":"https:\/\/labex-entreprendre.fr\/index.php?rest_route=\/wp\/v2\/media\/3973"}],"wp:attachment":[{"href":"https:\/\/labex-entreprendre.fr\/index.php?rest_route=%2Fwp%2Fv2%2Fmedia&parent=3747"}],"wp:term":[{"taxonomy":"category","embeddable":true,"href":"https:\/\/labex-entreprendre.fr\/index.php?rest_route=%2Fwp%2Fv2%2Fcategories&post=3747"},{"taxonomy":"post_tag","embeddable":true,"href":"https:\/\/labex-entreprendre.fr\/index.php?rest_route=%2Fwp%2Fv2%2Ftags&post=3747"}],"curies":[{"name":"wp","href":"https:\/\/api.w.org\/{rel}","templated":true}]}}