{"id":3557,"date":"2023-04-13T09:12:09","date_gmt":"2023-04-13T07:12:09","guid":{"rendered":"https:\/\/labex-entreprendre.fr\/?p=3557"},"modified":"2023-04-13T09:12:47","modified_gmt":"2023-04-13T07:12:47","slug":"call-for-papers-interdisciplinary-european-conference-on-entrepreneurship-research","status":"publish","type":"post","link":"https:\/\/labex-entreprendre.fr\/?p=3557","title":{"rendered":"Call for papers-Interdisciplinary European Conference on Entrepreneurship Research"},"content":{"rendered":"\n\n[et_pb_section fb_built=\u00a0\u00bb1&Prime; theme_builder_area=\u00a0\u00bbpost_content\u00a0\u00bb _builder_version=\u00a0\u00bb4.17.4&Prime; _module_preset=\u00a0\u00bbdefault\u00a0\u00bb][et_pb_row _builder_version=\u00a0\u00bb4.17.4&Prime; _module_preset=\u00a0\u00bbdefault\u00a0\u00bb theme_builder_area=\u00a0\u00bbpost_content\u00a0\u00bb][et_pb_column _builder_version=\u00a0\u00bb4.17.4&Prime; _module_preset=\u00a0\u00bbdefault\u00a0\u00bb type=\u00a0\u00bb4_4&Prime; theme_builder_area=\u00a0\u00bbpost_content\u00a0\u00bb][et_pb_text _builder_version=\u00a0\u00bb4.17.4&Prime; _module_preset=\u00a0\u00bbdefault\u00a0\u00bb theme_builder_area=\u00a0\u00bbpost_content\u00a0\u00bb hover_enabled=\u00a0\u00bb0&Prime; sticky_enabled=\u00a0\u00bb0&Prime;]<p style=\"font-weight: 400;\"><span>Dear friends and colleagues,<\/p>\n<p><\/span><\/p>\n<p style=\"font-weight: 400;\"><span>After our workshop\u00a0<em>Publishing in Entrepreneurship Journals<\/em>\u00a0with Susan Marlow end of March, here is another opportunity to present and discuss your research.<\/span><\/p>\n<p style=\"font-weight: 400;\"><span>As part of the conference board, I co-organize the 21st\u00a0<strong><em>Interdisciplinary European Conference on Entrepreneurship Research\u00a0<\/em><\/strong>(IECER) that will take place from October 25-27, 2023 at the University of Beira Interior in Covilh\u00e3, Portugal.<\/span>\u00a0<\/p>\n<p style=\"font-weight: 400;\"><span>IECER brings together entrepreneurship scholars from different disciplines around Europe to discuss their research and is organized around a dozen of tracks.<\/span><\/p>\n<p style=\"font-weight: 400;\"><span>For those who are interested, the call for papers is available on the conference website:<\/span><\/p>\n<p style=\"font-weight: 400;\"><span><a href=\"https:\/\/secure-web.cisco.com\/14WU9wB2WToPLw7R-A4C95fZWmbIWJ1zcU4J06QpmbjcFs6X0RZs6wH-2TmqNnSf4P_58U2KXLVxoMieRm0DDjzVw5OIhHc22_A7lPRTbCG_2boHaPqqbuMpeaCIqAJz-vC5mK0N82sHssLZcZIeq3xTS9LSWkyH0YU5RClleUT72htrcc_xlH1rjlJt_mGl42nT4TSJTcmOziDaQL4v7uMZb05KuIHS-erDXWw44GXW0fIExR55RFIuS8rL0WNMN6A-XG2_D-GbfDqGFuUVNwjDUpvb6IloIjFpgo11JjA7_kKSFGrcIx75-NyAd-iCLy0MKik9q2sspgIHVRywwhWukMw7aljTjS73Q9Njdh5tepxQLhlx4b8qHMJltWrzTFya44nFVAi-WQEI2deTCoH3FO4NLXMbsFtmpGa7WCmXtoeotANpxd5ZNPxuRFrpHDS4XYuqFRQ_xNt-3Eojf-g\/https%3A%2F%2Fwww.iecer-conference.org%2Fcall-for-papers\">https:\/\/www.iecer-conference.org\/call-for-papers<\/a><\/span><\/p>\n<p style=\"font-weight: 400;\"><span>The deadline for submitting full research or work-in-progress papers is June, 1, 2023.<\/span><\/p>\n<p style=\"font-weight: 400;\"><span><\/span><\/p>\n<p style=\"font-weight: 400;\"><span>Kind regards,<\/span><\/p>\n<p style=\"font-weight: 400;\"><span>Frank Lasch<\/span><\/p>[\/et_pb_text][\/et_pb_column][\/et_pb_row][\/et_pb_section]\n\n","protected":false},"excerpt":{"rendered":"<p>Dear friends and colleagues, After our workshop\u00a0Publishing in Entrepreneurship Journals\u00a0with Susan Marlow end of March, here is another opportunity to present and discuss your research. As part of the conference board, I co-organize the 21st\u00a0Interdisciplinary European Conference on Entrepreneurship Research\u00a0(IECER) that will take place from October 25-27, 2023 at the University of Beira Interior in [&hellip;]<\/p>\n","protected":false},"author":4,"featured_media":3560,"comment_status":"closed","ping_status":"closed","sticky":false,"template":"","format":"standard","meta":{"_et_pb_use_builder":"on","_et_pb_old_content":"","_et_gb_content_width":"","footnotes":""},"categories":[4,11,12,5,30],"tags":[],"class_list":["post-3557","post","type-post","status-publish","format-standard","has-post-thumbnail","hentry","category-actualite","category-appel-a-communication","category-appel-a-contribution","category-evenement","category-news"],"yoast_head":"<!-- This site is optimized with the Yoast SEO plugin v23.4 - https:\/\/yoast.com\/wordpress\/plugins\/seo\/ -->\n<title>Call for papers-Interdisciplinary European Conference on Entrepreneurship Research - Lab Entreprendre<\/title>\n<meta name=\"robots\" content=\"index, follow, max-snippet:-1, max-image-preview:large, max-video-preview:-1\" \/>\n<link rel=\"canonical\" href=\"https:\/\/labex-entreprendre.fr\/?p=3557\" \/>\n<meta property=\"og:locale\" content=\"fr_FR\" \/>\n<meta property=\"og:type\" content=\"article\" \/>\n<meta property=\"og:title\" content=\"Call for papers-Interdisciplinary European Conference on Entrepreneurship Research - Lab Entreprendre\" \/>\n<meta property=\"og:description\" content=\"Dear friends and colleagues, After our workshop\u00a0Publishing in Entrepreneurship Journals\u00a0with Susan Marlow end of March, here is another opportunity to present and discuss your research. As part of the conference board, I co-organize the 21st\u00a0Interdisciplinary European Conference on Entrepreneurship Research\u00a0(IECER) that will take place from October 25-27, 2023 at the University of Beira Interior in [&hellip;]\" \/>\n<meta property=\"og:url\" content=\"https:\/\/labex-entreprendre.fr\/?p=3557\" \/>\n<meta property=\"og:site_name\" content=\"Lab Entreprendre\" \/>\n<meta property=\"article:published_time\" content=\"2023-04-13T07:12:09+00:00\" \/>\n<meta property=\"article:modified_time\" content=\"2023-04-13T07:12:47+00:00\" \/>\n<meta property=\"og:image\" content=\"https:\/\/labex-entreprendre.fr\/wp-content\/uploads\/2023\/04\/IECER_Logo_quer_lila-428x130.dm_.edit_P1bkex-399w.png\" \/>\n\t<meta property=\"og:image:width\" content=\"428\" \/>\n\t<meta property=\"og:image:height\" content=\"130\" \/>\n\t<meta property=\"og:image:type\" content=\"image\/png\" \/>\n<meta name=\"author\" content=\"Martin Ruvini\" \/>\n<meta name=\"twitter:card\" content=\"summary_large_image\" \/>\n<meta name=\"twitter:label1\" content=\"\u00c9crit par\" \/>\n\t<meta name=\"twitter:data1\" content=\"Martin Ruvini\" \/>\n\t<meta name=\"twitter:label2\" content=\"Dur\u00e9e de lecture estim\u00e9e\" \/>\n\t<meta name=\"twitter:data2\" content=\"1 minute\" \/>\n<script type=\"application\/ld+json\" class=\"yoast-schema-graph\">{\"@context\":\"https:\/\/schema.org\",\"@graph\":[{\"@type\":\"WebPage\",\"@id\":\"https:\/\/labex-entreprendre.fr\/?p=3557\",\"url\":\"https:\/\/labex-entreprendre.fr\/?p=3557\",\"name\":\"Call for papers-Interdisciplinary European Conference on Entrepreneurship Research - Lab Entreprendre\",\"isPartOf\":{\"@id\":\"https:\/\/labex-entreprendre.fr\/#website\"},\"primaryImageOfPage\":{\"@id\":\"https:\/\/labex-entreprendre.fr\/?p=3557#primaryimage\"},\"image\":{\"@id\":\"https:\/\/labex-entreprendre.fr\/?p=3557#primaryimage\"},\"thumbnailUrl\":\"https:\/\/labex-entreprendre.fr\/wp-content\/uploads\/2023\/04\/IECER_Logo_quer_lila-428x130.dm_.edit_P1bkex-399w.png\",\"datePublished\":\"2023-04-13T07:12:09+00:00\",\"dateModified\":\"2023-04-13T07:12:47+00:00\",\"author\":{\"@id\":\"https:\/\/labex-entreprendre.fr\/#\/schema\/person\/bd020c307e48d21f23afdf41528f705e\"},\"breadcrumb\":{\"@id\":\"https:\/\/labex-entreprendre.fr\/?p=3557#breadcrumb\"},\"inLanguage\":\"fr-FR\",\"potentialAction\":[{\"@type\":\"ReadAction\",\"target\":[\"https:\/\/labex-entreprendre.fr\/?p=3557\"]}]},{\"@type\":\"ImageObject\",\"inLanguage\":\"fr-FR\",\"@id\":\"https:\/\/labex-entreprendre.fr\/?p=3557#primaryimage\",\"url\":\"https:\/\/labex-entreprendre.fr\/wp-content\/uploads\/2023\/04\/IECER_Logo_quer_lila-428x130.dm_.edit_P1bkex-399w.png\",\"contentUrl\":\"https:\/\/labex-entreprendre.fr\/wp-content\/uploads\/2023\/04\/IECER_Logo_quer_lila-428x130.dm_.edit_P1bkex-399w.png\",\"width\":428,\"height\":130},{\"@type\":\"BreadcrumbList\",\"@id\":\"https:\/\/labex-entreprendre.fr\/?p=3557#breadcrumb\",\"itemListElement\":[{\"@type\":\"ListItem\",\"position\":1,\"name\":\"Home\",\"item\":\"https:\/\/labex-entreprendre.fr\/\"},{\"@type\":\"ListItem\",\"position\":2,\"name\":\"Call for papers-Interdisciplinary European Conference on Entrepreneurship Research\"}]},{\"@type\":\"WebSite\",\"@id\":\"https:\/\/labex-entreprendre.fr\/#website\",\"url\":\"https:\/\/labex-entreprendre.fr\/\",\"name\":\"Lab Entreprendre\",\"description\":\"Universit\u00e9 de Montpellier\",\"potentialAction\":[{\"@type\":\"SearchAction\",\"target\":{\"@type\":\"EntryPoint\",\"urlTemplate\":\"https:\/\/labex-entreprendre.fr\/?s={search_term_string}\"},\"query-input\":{\"@type\":\"PropertyValueSpecification\",\"valueRequired\":true,\"valueName\":\"search_term_string\"}}],\"inLanguage\":\"fr-FR\"},{\"@type\":\"Person\",\"@id\":\"https:\/\/labex-entreprendre.fr\/#\/schema\/person\/bd020c307e48d21f23afdf41528f705e\",\"name\":\"Martin Ruvini\",\"image\":{\"@type\":\"ImageObject\",\"inLanguage\":\"fr-FR\",\"@id\":\"https:\/\/labex-entreprendre.fr\/#\/schema\/person\/image\/\",\"url\":\"https:\/\/secure.gravatar.com\/avatar\/bb94b1d2491b4858dcd82a2658d3a3e926a2601479e9f5ad55bcbb89398ef058?s=96&d=mm&r=g\",\"contentUrl\":\"https:\/\/secure.gravatar.com\/avatar\/bb94b1d2491b4858dcd82a2658d3a3e926a2601479e9f5ad55bcbb89398ef058?s=96&d=mm&r=g\",\"caption\":\"Martin Ruvini\"},\"url\":\"https:\/\/labex-entreprendre.fr\/?author=4\"}]}<\/script>\n<!-- \/ Yoast SEO plugin. -->","yoast_head_json":{"title":"Call for papers-Interdisciplinary European Conference on Entrepreneurship Research - Lab Entreprendre","robots":{"index":"index","follow":"follow","max-snippet":"max-snippet:-1","max-image-preview":"max-image-preview:large","max-video-preview":"max-video-preview:-1"},"canonical":"https:\/\/labex-entreprendre.fr\/?p=3557","og_locale":"fr_FR","og_type":"article","og_title":"Call for papers-Interdisciplinary European Conference on Entrepreneurship Research - Lab Entreprendre","og_description":"Dear friends and colleagues, After our workshop\u00a0Publishing in Entrepreneurship Journals\u00a0with Susan Marlow end of March, here is another opportunity to present and discuss your research. As part of the conference board, I co-organize the 21st\u00a0Interdisciplinary European Conference on Entrepreneurship Research\u00a0(IECER) that will take place from October 25-27, 2023 at the University of Beira Interior in [&hellip;]","og_url":"https:\/\/labex-entreprendre.fr\/?p=3557","og_site_name":"Lab Entreprendre","article_published_time":"2023-04-13T07:12:09+00:00","article_modified_time":"2023-04-13T07:12:47+00:00","og_image":[{"width":428,"height":130,"url":"https:\/\/labex-entreprendre.fr\/wp-content\/uploads\/2023\/04\/IECER_Logo_quer_lila-428x130.dm_.edit_P1bkex-399w.png","type":"image\/png"}],"author":"Martin Ruvini","twitter_card":"summary_large_image","twitter_misc":{"\u00c9crit par":"Martin Ruvini","Dur\u00e9e de lecture estim\u00e9e":"1 minute"},"schema":{"@context":"https:\/\/schema.org","@graph":[{"@type":"WebPage","@id":"https:\/\/labex-entreprendre.fr\/?p=3557","url":"https:\/\/labex-entreprendre.fr\/?p=3557","name":"Call for papers-Interdisciplinary European Conference on Entrepreneurship Research - Lab Entreprendre","isPartOf":{"@id":"https:\/\/labex-entreprendre.fr\/#website"},"primaryImageOfPage":{"@id":"https:\/\/labex-entreprendre.fr\/?p=3557#primaryimage"},"image":{"@id":"https:\/\/labex-entreprendre.fr\/?p=3557#primaryimage"},"thumbnailUrl":"https:\/\/labex-entreprendre.fr\/wp-content\/uploads\/2023\/04\/IECER_Logo_quer_lila-428x130.dm_.edit_P1bkex-399w.png","datePublished":"2023-04-13T07:12:09+00:00","dateModified":"2023-04-13T07:12:47+00:00","author":{"@id":"https:\/\/labex-entreprendre.fr\/#\/schema\/person\/bd020c307e48d21f23afdf41528f705e"},"breadcrumb":{"@id":"https:\/\/labex-entreprendre.fr\/?p=3557#breadcrumb"},"inLanguage":"fr-FR","potentialAction":[{"@type":"ReadAction","target":["https:\/\/labex-entreprendre.fr\/?p=3557"]}]},{"@type":"ImageObject","inLanguage":"fr-FR","@id":"https:\/\/labex-entreprendre.fr\/?p=3557#primaryimage","url":"https:\/\/labex-entreprendre.fr\/wp-content\/uploads\/2023\/04\/IECER_Logo_quer_lila-428x130.dm_.edit_P1bkex-399w.png","contentUrl":"https:\/\/labex-entreprendre.fr\/wp-content\/uploads\/2023\/04\/IECER_Logo_quer_lila-428x130.dm_.edit_P1bkex-399w.png","width":428,"height":130},{"@type":"BreadcrumbList","@id":"https:\/\/labex-entreprendre.fr\/?p=3557#breadcrumb","itemListElement":[{"@type":"ListItem","position":1,"name":"Home","item":"https:\/\/labex-entreprendre.fr\/"},{"@type":"ListItem","position":2,"name":"Call for papers-Interdisciplinary European Conference on Entrepreneurship Research"}]},{"@type":"WebSite","@id":"https:\/\/labex-entreprendre.fr\/#website","url":"https:\/\/labex-entreprendre.fr\/","name":"Lab Entreprendre","description":"Universit\u00e9 de Montpellier","potentialAction":[{"@type":"SearchAction","target":{"@type":"EntryPoint","urlTemplate":"https:\/\/labex-entreprendre.fr\/?s={search_term_string}"},"query-input":{"@type":"PropertyValueSpecification","valueRequired":true,"valueName":"search_term_string"}}],"inLanguage":"fr-FR"},{"@type":"Person","@id":"https:\/\/labex-entreprendre.fr\/#\/schema\/person\/bd020c307e48d21f23afdf41528f705e","name":"Martin Ruvini","image":{"@type":"ImageObject","inLanguage":"fr-FR","@id":"https:\/\/labex-entreprendre.fr\/#\/schema\/person\/image\/","url":"https:\/\/secure.gravatar.com\/avatar\/bb94b1d2491b4858dcd82a2658d3a3e926a2601479e9f5ad55bcbb89398ef058?s=96&d=mm&r=g","contentUrl":"https:\/\/secure.gravatar.com\/avatar\/bb94b1d2491b4858dcd82a2658d3a3e926a2601479e9f5ad55bcbb89398ef058?s=96&d=mm&r=g","caption":"Martin Ruvini"},"url":"https:\/\/labex-entreprendre.fr\/?author=4"}]}},"_links":{"self":[{"href":"https:\/\/labex-entreprendre.fr\/index.php?rest_route=\/wp\/v2\/posts\/3557","targetHints":{"allow":["GET"]}}],"collection":[{"href":"https:\/\/labex-entreprendre.fr\/index.php?rest_route=\/wp\/v2\/posts"}],"about":[{"href":"https:\/\/labex-entreprendre.fr\/index.php?rest_route=\/wp\/v2\/types\/post"}],"author":[{"embeddable":true,"href":"https:\/\/labex-entreprendre.fr\/index.php?rest_route=\/wp\/v2\/users\/4"}],"replies":[{"embeddable":true,"href":"https:\/\/labex-entreprendre.fr\/index.php?rest_route=%2Fwp%2Fv2%2Fcomments&post=3557"}],"version-history":[{"count":3,"href":"https:\/\/labex-entreprendre.fr\/index.php?rest_route=\/wp\/v2\/posts\/3557\/revisions"}],"predecessor-version":[{"id":3562,"href":"https:\/\/labex-entreprendre.fr\/index.php?rest_route=\/wp\/v2\/posts\/3557\/revisions\/3562"}],"wp:featuredmedia":[{"embeddable":true,"href":"https:\/\/labex-entreprendre.fr\/index.php?rest_route=\/wp\/v2\/media\/3560"}],"wp:attachment":[{"href":"https:\/\/labex-entreprendre.fr\/index.php?rest_route=%2Fwp%2Fv2%2Fmedia&parent=3557"}],"wp:term":[{"taxonomy":"category","embeddable":true,"href":"https:\/\/labex-entreprendre.fr\/index.php?rest_route=%2Fwp%2Fv2%2Fcategories&post=3557"},{"taxonomy":"post_tag","embeddable":true,"href":"https:\/\/labex-entreprendre.fr\/index.php?rest_route=%2Fwp%2Fv2%2Ftags&post=3557"}],"curies":[{"name":"wp","href":"https:\/\/api.w.org\/{rel}","templated":true}]}}