{"id":3374,"date":"2023-03-24T09:36:56","date_gmt":"2023-03-24T08:36:56","guid":{"rendered":"https:\/\/labex-entreprendre.fr\/?p=3374"},"modified":"2025-05-13T12:17:41","modified_gmt":"2025-05-13T10:17:41","slug":"devenez-un-expert-de-laccompagnement-entrepreneurial","status":"publish","type":"post","link":"https:\/\/labex-entreprendre.fr\/?p=3374","title":{"rendered":"Devenez un expert de l&rsquo;Accompagnement Entrepreneurial !"},"content":{"rendered":"<p>[et_pb_section fb_built=\u00a0\u00bb1&Prime; _builder_version=\u00a0\u00bb4.17.4&Prime; _module_preset=\u00a0\u00bbdefault\u00a0\u00bb global_colors_info=\u00a0\u00bb{}\u00a0\u00bb][et_pb_row _builder_version=\u00a0\u00bb4.17.4&Prime; _module_preset=\u00a0\u00bbdefault\u00a0\u00bb global_colors_info=\u00a0\u00bb{}\u00a0\u00bb][et_pb_column type=\u00a0\u00bb4_4&Prime; _builder_version=\u00a0\u00bb4.17.4&Prime; _module_preset=\u00a0\u00bbdefault\u00a0\u00bb global_colors_info=\u00a0\u00bb{}\u00a0\u00bb][et_pb_video src=\u00a0\u00bbhttps:\/\/youtu.be\/qKFUwGH8vwQ\u00a0\u00bb _builder_version=\u00a0\u00bb4.27.4&Prime; _module_preset=\u00a0\u00bbdefault\u00a0\u00bb hover_enabled=\u00a0\u00bb0&Prime; global_colors_info=\u00a0\u00bb{}\u00a0\u00bb sticky_enabled=\u00a0\u00bb0&Prime;][\/et_pb_video][\/et_pb_column][\/et_pb_row][\/et_pb_section][et_pb_section fb_built=\u00a0\u00bb1&Prime; _builder_version=\u00a0\u00bb4.17.4&Prime; _module_preset=\u00a0\u00bbdefault\u00a0\u00bb global_colors_info=\u00a0\u00bb{}\u00a0\u00bb][et_pb_row _builder_version=\u00a0\u00bb4.17.4&Prime; _module_preset=\u00a0\u00bbdefault\u00a0\u00bb global_colors_info=\u00a0\u00bb{}\u00a0\u00bb][et_pb_column type=\u00a0\u00bb4_4&Prime; _builder_version=\u00a0\u00bb4.17.4&Prime; _module_preset=\u00a0\u00bbdefault\u00a0\u00bb global_colors_info=\u00a0\u00bb{}\u00a0\u00bb][et_pb_text _builder_version=\u00a0\u00bb4.17.4&Prime; _module_preset=\u00a0\u00bbdefault\u00a0\u00bb global_colors_info=\u00a0\u00bb{}\u00a0\u00bb]<\/p>\n<p><span>Les candidatures au Master Accompagnement Entrepreneurial de l&rsquo;institut\u00a0<\/span><a href=\"https:\/\/www.linkedin.com\/company\/montpellier-management\/\" data-attribute-index=\"0\" data-entity-type=\"MINI_COMPANY\">Montpellier Management<\/a><span>\u00a0sont ouvertes !<\/span><\/p>\n<p><span>Pour l&rsquo;occasion,\u00a0<\/span><a href=\"https:\/\/www.linkedin.com\/in\/ACoAACH9hhQBW76biiZ-Zm1GBrqkOxktHl2d9-4\" data-attribute-index=\"2\" data-entity-type=\"MINI_PROFILE\">Sylvie Sammut<\/a><span>, coresponsable du Master avec\u00a0<\/span><a href=\"https:\/\/www.linkedin.com\/in\/ACoAABMdCTMBQd3eLDZ5h1InAcLKu-2LIDjsOwc\" data-attribute-index=\"4\" data-entity-type=\"MINI_PROFILE\">Karim Messeghem<\/a><span>, et directrice de\u00a0<\/span><a href=\"https:\/\/www.linkedin.com\/company\/montpellier-management\/\" data-attribute-index=\"6\" data-entity-type=\"MINI_COMPANY\">Montpellier Management<\/a><span>, nous fait une pr\u00e9sentation g\u00e9n\u00e9rale de la formation.<\/span><\/p>\n<p><span>Au programme, un savant m\u00e9lange de th\u00e9orie et de pratique, de connaissances et d&rsquo;immersion dans l&rsquo;\u00e9cosyst\u00e8me entrepreneurial H\u00e9raultais, pour gagner en comp\u00e9tence, se professionnaliser et s&rsquo;ins\u00e9rer avec pertinence dans le milieu de l&rsquo;accompagnement entrepreneurial.<\/span><\/p>\n<p><span>Pour en savoir plus : <a href=\"https:\/\/www.montpellier-management.fr\/liste-des-formations\/m1-accompagnement-entrepreunarial\/?gclid=EAIaIQobChMIqeybhpT0_QIVD4BQBh1_qAkwEAAYASAAEgKpT_D_BwE\">https:\/\/www.montpellier-management.fr\/liste-des-formations\/m1-accompagnement-entrepreunarial\/?gclid=EAIaIQobChMIqeybhpT0_QIVD4BQBh1_qAkwEAAYASAAEgKpT_D_BwE<\/a><\/span><\/p>\n<p><span><\/span><\/p>\n<p><a href=\"https:\/\/www.linkedin.com\/feed\/hashtag\/?keywords=formation&amp;highlightedUpdateUrns=urn%3Ali%3Aactivity%3A7044947394450317312\" data-attribute-index=\"8\">#formation<\/a><span>\u00a0<\/span><a href=\"https:\/\/www.linkedin.com\/feed\/hashtag\/?keywords=entrepreneuriat&amp;highlightedUpdateUrns=urn%3Ali%3Aactivity%3A7044947394450317312\" data-attribute-index=\"9\">#entrepreneuriat<\/a><span>\u00a0<\/span><a href=\"https:\/\/www.linkedin.com\/feed\/hashtag\/?keywords=accompagnemententrepreneurial&amp;highlightedUpdateUrns=urn%3Ali%3Aactivity%3A7044947394450317312\" data-attribute-index=\"10\">#accompagnemententrepreneurial<\/a><span>\u00a0<\/span><a href=\"https:\/\/www.linkedin.com\/feed\/hashtag\/?keywords=master&amp;highlightedUpdateUrns=urn%3Ali%3Aactivity%3A7044947394450317312\" data-attribute-index=\"11\">#master<\/a><span>\u00a0<\/span><a href=\"https:\/\/www.linkedin.com\/feed\/hashtag\/?keywords=management&amp;highlightedUpdateUrns=urn%3Ali%3Aactivity%3A7044947394450317312\" data-attribute-index=\"12\">#management<\/a><\/p>\n<p>[\/et_pb_text][\/et_pb_column][\/et_pb_row][\/et_pb_section]<\/p>\n","protected":false},"excerpt":{"rendered":"<p>Les candidatures au Master Accompagnement Entrepreneurial de l&rsquo;institut\u00a0Montpellier Management\u00a0sont ouvertes ! Pour l&rsquo;occasion,\u00a0Sylvie Sammut, coresponsable du Master avec\u00a0Karim Messeghem, et directrice de\u00a0Montpellier Management, nous fait une pr\u00e9sentation g\u00e9n\u00e9rale de la formation. Au programme, un savant m\u00e9lange de th\u00e9orie et de pratique, de connaissances et d&rsquo;immersion dans l&rsquo;\u00e9cosyst\u00e8me entrepreneurial H\u00e9raultais, pour gagner en comp\u00e9tence, se professionnaliser [&hellip;]<\/p>\n","protected":false},"author":4,"featured_media":3379,"comment_status":"closed","ping_status":"closed","sticky":false,"template":"","format":"standard","meta":{"_et_pb_use_builder":"on","_et_pb_old_content":"","_et_gb_content_width":"","footnotes":""},"categories":[4,30],"tags":[],"class_list":["post-3374","post","type-post","status-publish","format-standard","has-post-thumbnail","hentry","category-actualite","category-news"],"yoast_head":"<!-- This site is optimized with the Yoast SEO plugin v23.4 - https:\/\/yoast.com\/wordpress\/plugins\/seo\/ -->\n<title>Devenez un expert de l&#039;Accompagnement Entrepreneurial ! - Lab Entreprendre<\/title>\n<meta name=\"robots\" content=\"index, follow, max-snippet:-1, max-image-preview:large, max-video-preview:-1\" \/>\n<link rel=\"canonical\" href=\"https:\/\/labex-entreprendre.fr\/?p=3374\" \/>\n<meta property=\"og:locale\" content=\"fr_FR\" \/>\n<meta property=\"og:type\" content=\"article\" \/>\n<meta property=\"og:title\" content=\"Devenez un expert de l&#039;Accompagnement Entrepreneurial ! - Lab Entreprendre\" \/>\n<meta property=\"og:description\" content=\"Les candidatures au Master Accompagnement Entrepreneurial de l&#039;institut\u00a0Montpellier Management\u00a0sont ouvertes ! Pour l&#039;occasion,\u00a0Sylvie Sammut, coresponsable du Master avec\u00a0Karim Messeghem, et directrice de\u00a0Montpellier Management, nous fait une pr\u00e9sentation g\u00e9n\u00e9rale de la formation. Au programme, un savant m\u00e9lange de th\u00e9orie et de pratique, de connaissances et d&#039;immersion dans l&#039;\u00e9cosyst\u00e8me entrepreneurial H\u00e9raultais, pour gagner en comp\u00e9tence, se professionnaliser [&hellip;]\" \/>\n<meta property=\"og:url\" content=\"https:\/\/labex-entreprendre.fr\/?p=3374\" \/>\n<meta property=\"og:site_name\" content=\"Lab Entreprendre\" \/>\n<meta property=\"article:published_time\" content=\"2023-03-24T08:36:56+00:00\" \/>\n<meta property=\"article:modified_time\" content=\"2025-05-13T10:17:41+00:00\" \/>\n<meta property=\"og:image\" content=\"https:\/\/labex-entreprendre.fr\/wp-content\/uploads\/2023\/03\/miniature-1.png\" \/>\n\t<meta property=\"og:image:width\" content=\"1104\" \/>\n\t<meta property=\"og:image:height\" content=\"579\" \/>\n\t<meta property=\"og:image:type\" content=\"image\/png\" \/>\n<meta name=\"author\" content=\"Martin Ruvini\" \/>\n<meta name=\"twitter:card\" content=\"summary_large_image\" \/>\n<meta name=\"twitter:label1\" content=\"\u00c9crit par\" \/>\n\t<meta name=\"twitter:data1\" content=\"Martin Ruvini\" \/>\n\t<meta name=\"twitter:label2\" content=\"Dur\u00e9e de lecture estim\u00e9e\" \/>\n\t<meta name=\"twitter:data2\" content=\"1 minute\" \/>\n<script type=\"application\/ld+json\" class=\"yoast-schema-graph\">{\"@context\":\"https:\/\/schema.org\",\"@graph\":[{\"@type\":\"WebPage\",\"@id\":\"https:\/\/labex-entreprendre.fr\/?p=3374\",\"url\":\"https:\/\/labex-entreprendre.fr\/?p=3374\",\"name\":\"Devenez un expert de l'Accompagnement Entrepreneurial ! - Lab Entreprendre\",\"isPartOf\":{\"@id\":\"https:\/\/labex-entreprendre.fr\/#website\"},\"primaryImageOfPage\":{\"@id\":\"https:\/\/labex-entreprendre.fr\/?p=3374#primaryimage\"},\"image\":{\"@id\":\"https:\/\/labex-entreprendre.fr\/?p=3374#primaryimage\"},\"thumbnailUrl\":\"https:\/\/labex-entreprendre.fr\/wp-content\/uploads\/2023\/03\/miniature-1.png\",\"datePublished\":\"2023-03-24T08:36:56+00:00\",\"dateModified\":\"2025-05-13T10:17:41+00:00\",\"author\":{\"@id\":\"https:\/\/labex-entreprendre.fr\/#\/schema\/person\/bd020c307e48d21f23afdf41528f705e\"},\"breadcrumb\":{\"@id\":\"https:\/\/labex-entreprendre.fr\/?p=3374#breadcrumb\"},\"inLanguage\":\"fr-FR\",\"potentialAction\":[{\"@type\":\"ReadAction\",\"target\":[\"https:\/\/labex-entreprendre.fr\/?p=3374\"]}]},{\"@type\":\"ImageObject\",\"inLanguage\":\"fr-FR\",\"@id\":\"https:\/\/labex-entreprendre.fr\/?p=3374#primaryimage\",\"url\":\"https:\/\/labex-entreprendre.fr\/wp-content\/uploads\/2023\/03\/miniature-1.png\",\"contentUrl\":\"https:\/\/labex-entreprendre.fr\/wp-content\/uploads\/2023\/03\/miniature-1.png\",\"width\":1104,\"height\":579},{\"@type\":\"BreadcrumbList\",\"@id\":\"https:\/\/labex-entreprendre.fr\/?p=3374#breadcrumb\",\"itemListElement\":[{\"@type\":\"ListItem\",\"position\":1,\"name\":\"Home\",\"item\":\"https:\/\/labex-entreprendre.fr\/\"},{\"@type\":\"ListItem\",\"position\":2,\"name\":\"Devenez un expert de l&rsquo;Accompagnement Entrepreneurial !\"}]},{\"@type\":\"WebSite\",\"@id\":\"https:\/\/labex-entreprendre.fr\/#website\",\"url\":\"https:\/\/labex-entreprendre.fr\/\",\"name\":\"Lab Entreprendre\",\"description\":\"Universit\u00e9 de Montpellier\",\"potentialAction\":[{\"@type\":\"SearchAction\",\"target\":{\"@type\":\"EntryPoint\",\"urlTemplate\":\"https:\/\/labex-entreprendre.fr\/?s={search_term_string}\"},\"query-input\":{\"@type\":\"PropertyValueSpecification\",\"valueRequired\":true,\"valueName\":\"search_term_string\"}}],\"inLanguage\":\"fr-FR\"},{\"@type\":\"Person\",\"@id\":\"https:\/\/labex-entreprendre.fr\/#\/schema\/person\/bd020c307e48d21f23afdf41528f705e\",\"name\":\"Martin Ruvini\",\"image\":{\"@type\":\"ImageObject\",\"inLanguage\":\"fr-FR\",\"@id\":\"https:\/\/labex-entreprendre.fr\/#\/schema\/person\/image\/\",\"url\":\"https:\/\/secure.gravatar.com\/avatar\/bb94b1d2491b4858dcd82a2658d3a3e926a2601479e9f5ad55bcbb89398ef058?s=96&d=mm&r=g\",\"contentUrl\":\"https:\/\/secure.gravatar.com\/avatar\/bb94b1d2491b4858dcd82a2658d3a3e926a2601479e9f5ad55bcbb89398ef058?s=96&d=mm&r=g\",\"caption\":\"Martin Ruvini\"},\"url\":\"https:\/\/labex-entreprendre.fr\/?author=4\"}]}<\/script>\n<!-- \/ Yoast SEO plugin. -->","yoast_head_json":{"title":"Devenez un expert de l'Accompagnement Entrepreneurial ! - Lab Entreprendre","robots":{"index":"index","follow":"follow","max-snippet":"max-snippet:-1","max-image-preview":"max-image-preview:large","max-video-preview":"max-video-preview:-1"},"canonical":"https:\/\/labex-entreprendre.fr\/?p=3374","og_locale":"fr_FR","og_type":"article","og_title":"Devenez un expert de l'Accompagnement Entrepreneurial ! - Lab Entreprendre","og_description":"Les candidatures au Master Accompagnement Entrepreneurial de l'institut\u00a0Montpellier Management\u00a0sont ouvertes ! Pour l'occasion,\u00a0Sylvie Sammut, coresponsable du Master avec\u00a0Karim Messeghem, et directrice de\u00a0Montpellier Management, nous fait une pr\u00e9sentation g\u00e9n\u00e9rale de la formation. Au programme, un savant m\u00e9lange de th\u00e9orie et de pratique, de connaissances et d'immersion dans l'\u00e9cosyst\u00e8me entrepreneurial H\u00e9raultais, pour gagner en comp\u00e9tence, se professionnaliser [&hellip;]","og_url":"https:\/\/labex-entreprendre.fr\/?p=3374","og_site_name":"Lab Entreprendre","article_published_time":"2023-03-24T08:36:56+00:00","article_modified_time":"2025-05-13T10:17:41+00:00","og_image":[{"width":1104,"height":579,"url":"https:\/\/labex-entreprendre.fr\/wp-content\/uploads\/2023\/03\/miniature-1.png","type":"image\/png"}],"author":"Martin Ruvini","twitter_card":"summary_large_image","twitter_misc":{"\u00c9crit par":"Martin Ruvini","Dur\u00e9e de lecture estim\u00e9e":"1 minute"},"schema":{"@context":"https:\/\/schema.org","@graph":[{"@type":"WebPage","@id":"https:\/\/labex-entreprendre.fr\/?p=3374","url":"https:\/\/labex-entreprendre.fr\/?p=3374","name":"Devenez un expert de l'Accompagnement Entrepreneurial ! - Lab Entreprendre","isPartOf":{"@id":"https:\/\/labex-entreprendre.fr\/#website"},"primaryImageOfPage":{"@id":"https:\/\/labex-entreprendre.fr\/?p=3374#primaryimage"},"image":{"@id":"https:\/\/labex-entreprendre.fr\/?p=3374#primaryimage"},"thumbnailUrl":"https:\/\/labex-entreprendre.fr\/wp-content\/uploads\/2023\/03\/miniature-1.png","datePublished":"2023-03-24T08:36:56+00:00","dateModified":"2025-05-13T10:17:41+00:00","author":{"@id":"https:\/\/labex-entreprendre.fr\/#\/schema\/person\/bd020c307e48d21f23afdf41528f705e"},"breadcrumb":{"@id":"https:\/\/labex-entreprendre.fr\/?p=3374#breadcrumb"},"inLanguage":"fr-FR","potentialAction":[{"@type":"ReadAction","target":["https:\/\/labex-entreprendre.fr\/?p=3374"]}]},{"@type":"ImageObject","inLanguage":"fr-FR","@id":"https:\/\/labex-entreprendre.fr\/?p=3374#primaryimage","url":"https:\/\/labex-entreprendre.fr\/wp-content\/uploads\/2023\/03\/miniature-1.png","contentUrl":"https:\/\/labex-entreprendre.fr\/wp-content\/uploads\/2023\/03\/miniature-1.png","width":1104,"height":579},{"@type":"BreadcrumbList","@id":"https:\/\/labex-entreprendre.fr\/?p=3374#breadcrumb","itemListElement":[{"@type":"ListItem","position":1,"name":"Home","item":"https:\/\/labex-entreprendre.fr\/"},{"@type":"ListItem","position":2,"name":"Devenez un expert de l&rsquo;Accompagnement Entrepreneurial !"}]},{"@type":"WebSite","@id":"https:\/\/labex-entreprendre.fr\/#website","url":"https:\/\/labex-entreprendre.fr\/","name":"Lab Entreprendre","description":"Universit\u00e9 de Montpellier","potentialAction":[{"@type":"SearchAction","target":{"@type":"EntryPoint","urlTemplate":"https:\/\/labex-entreprendre.fr\/?s={search_term_string}"},"query-input":{"@type":"PropertyValueSpecification","valueRequired":true,"valueName":"search_term_string"}}],"inLanguage":"fr-FR"},{"@type":"Person","@id":"https:\/\/labex-entreprendre.fr\/#\/schema\/person\/bd020c307e48d21f23afdf41528f705e","name":"Martin Ruvini","image":{"@type":"ImageObject","inLanguage":"fr-FR","@id":"https:\/\/labex-entreprendre.fr\/#\/schema\/person\/image\/","url":"https:\/\/secure.gravatar.com\/avatar\/bb94b1d2491b4858dcd82a2658d3a3e926a2601479e9f5ad55bcbb89398ef058?s=96&d=mm&r=g","contentUrl":"https:\/\/secure.gravatar.com\/avatar\/bb94b1d2491b4858dcd82a2658d3a3e926a2601479e9f5ad55bcbb89398ef058?s=96&d=mm&r=g","caption":"Martin Ruvini"},"url":"https:\/\/labex-entreprendre.fr\/?author=4"}]}},"_links":{"self":[{"href":"https:\/\/labex-entreprendre.fr\/index.php?rest_route=\/wp\/v2\/posts\/3374","targetHints":{"allow":["GET"]}}],"collection":[{"href":"https:\/\/labex-entreprendre.fr\/index.php?rest_route=\/wp\/v2\/posts"}],"about":[{"href":"https:\/\/labex-entreprendre.fr\/index.php?rest_route=\/wp\/v2\/types\/post"}],"author":[{"embeddable":true,"href":"https:\/\/labex-entreprendre.fr\/index.php?rest_route=\/wp\/v2\/users\/4"}],"replies":[{"embeddable":true,"href":"https:\/\/labex-entreprendre.fr\/index.php?rest_route=%2Fwp%2Fv2%2Fcomments&post=3374"}],"version-history":[{"count":4,"href":"https:\/\/labex-entreprendre.fr\/index.php?rest_route=\/wp\/v2\/posts\/3374\/revisions"}],"predecessor-version":[{"id":6102,"href":"https:\/\/labex-entreprendre.fr\/index.php?rest_route=\/wp\/v2\/posts\/3374\/revisions\/6102"}],"wp:featuredmedia":[{"embeddable":true,"href":"https:\/\/labex-entreprendre.fr\/index.php?rest_route=\/wp\/v2\/media\/3379"}],"wp:attachment":[{"href":"https:\/\/labex-entreprendre.fr\/index.php?rest_route=%2Fwp%2Fv2%2Fmedia&parent=3374"}],"wp:term":[{"taxonomy":"category","embeddable":true,"href":"https:\/\/labex-entreprendre.fr\/index.php?rest_route=%2Fwp%2Fv2%2Fcategories&post=3374"},{"taxonomy":"post_tag","embeddable":true,"href":"https:\/\/labex-entreprendre.fr\/index.php?rest_route=%2Fwp%2Fv2%2Ftags&post=3374"}],"curies":[{"name":"wp","href":"https:\/\/api.w.org\/{rel}","templated":true}]}}