{"id":3045,"date":"2022-10-30T14:17:12","date_gmt":"2022-10-30T13:17:12","guid":{"rendered":"https:\/\/labex-entreprendre.fr\/?p=3045"},"modified":"2022-11-02T14:26:45","modified_gmt":"2022-11-02T13:26:45","slug":"les-operations-de-rachat-dactions-propres-incarnent-la-financiarisation-de-leconomie","status":"publish","type":"post","link":"https:\/\/labex-entreprendre.fr\/?p=3045","title":{"rendered":"<br>\u00ab\u00a0Les op\u00e9rations de rachat d\u2019actions propres incarnent la financiarisation de l\u2019\u00e9conomie\u00a0\u00bb"},"content":{"rendered":"<p>[et_pb_section fb_built=\u00a0\u00bb1&Prime; _builder_version=\u00a0\u00bb4.17.4&Prime; _module_preset=\u00a0\u00bbdefault\u00a0\u00bb global_colors_info=\u00a0\u00bb{}\u00a0\u00bb][et_pb_row _builder_version=\u00a0\u00bb4.17.4&Prime; _module_preset=\u00a0\u00bbdefault\u00a0\u00bb global_colors_info=\u00a0\u00bb{}\u00a0\u00bb][et_pb_column type=\u00a0\u00bb4_4&Prime; _builder_version=\u00a0\u00bb4.17.4&Prime; _module_preset=\u00a0\u00bbdefault\u00a0\u00bb global_colors_info=\u00a0\u00bb{}\u00a0\u00bb][et_pb_text _builder_version=\u00a0\u00bb4.17.4&Prime; _module_preset=\u00a0\u00bbdefault\u00a0\u00bb global_colors_info=\u00a0\u00bb{}\u00a0\u00bb]<\/p>\n<p><span>Retrouvez cet\u00a0<\/span><a href=\"https:\/\/www.lemonde.fr\/idees\/article\/2022\/10\/30\/les-operations-de-rachat-d-actions-propres-incarnent-la-financiarisation-de-l-economie_6147926_3232.html#xtor=AL-32280270-%5Bdefault%5D-%5Bios%5D\">article<\/a><span> r\u00e9dig\u00e9 par Roland P\u00e9rez, professeur \u00e9m\u00e9rite des Universit\u00e9s, LabEx Entreprendre , Montpellier Recherche en Management (MRM), Universit\u00e9 de Montpellier , publi\u00e9 sur le site <\/span><a href=\"https:\/\/www.lemonde.fr\/\">Le Monde<\/a><span><a href=\"https:\/\/www.lemonde.fr\/\">\u00a0<\/a>:<\/span><\/p>\n<p>&nbsp;<\/p>\n<p><a href=\"https:\/\/www.lemonde.fr\/idees\/article\/2022\/10\/30\/les-operations-de-rachat-d-actions-propres-incarnent-la-financiarisation-de-l-economie_6147926_3232.html#xtor=AL-32280270-%5Bdefault%5D-%5Bios%5D\">https:\/\/www.lemonde.fr\/idees\/article\/2022\/10\/30\/les-operations-de-rachat-d-actions-propres-incarnent-la-financiarisation-de-l-economie_6147926_3232.html#xtor=AL-32280270-%5Bdefault%5D-%5Bios%5D<\/a><\/p>\n<p>&nbsp;<\/p>\n<p>[\/et_pb_text][\/et_pb_column][\/et_pb_row][\/et_pb_section]<\/p>\n","protected":false},"excerpt":{"rendered":"<p>Retrouvez cet\u00a0article r\u00e9dig\u00e9 par Roland P\u00e9rez, professeur \u00e9m\u00e9rite des Universit\u00e9s, LabEx Entreprendre , Montpellier Recherche en Management (MRM), Universit\u00e9 de Montpellier , publi\u00e9 sur le site Le Monde\u00a0: &nbsp; https:\/\/www.lemonde.fr\/idees\/article\/2022\/10\/30\/les-operations-de-rachat-d-actions-propres-incarnent-la-financiarisation-de-l-economie_6147926_3232.html#xtor=AL-32280270-%5Bdefault%5D-%5Bios%5D &nbsp;<\/p>\n","protected":false},"author":2,"featured_media":3049,"comment_status":"closed","ping_status":"closed","sticky":false,"template":"","format":"standard","meta":{"_et_pb_use_builder":"on","_et_pb_old_content":"","_et_gb_content_width":"","footnotes":""},"categories":[4,30,8],"tags":[],"class_list":["post-3045","post","type-post","status-publish","format-standard","has-post-thumbnail","hentry","category-actualite","category-news","category-presse"],"yoast_head":"<!-- This site is optimized with the Yoast SEO plugin v23.4 - https:\/\/yoast.com\/wordpress\/plugins\/seo\/ -->\n<title>\u00ab\u00a0Les op\u00e9rations de rachat d\u2019actions propres incarnent la financiarisation de l\u2019\u00e9conomie\u00a0\u00bb - Lab Entreprendre<\/title>\n<meta name=\"robots\" content=\"index, follow, max-snippet:-1, max-image-preview:large, max-video-preview:-1\" \/>\n<link rel=\"canonical\" href=\"https:\/\/labex-entreprendre.fr\/?p=3045\" \/>\n<meta property=\"og:locale\" content=\"fr_FR\" \/>\n<meta property=\"og:type\" content=\"article\" \/>\n<meta property=\"og:title\" content=\"\u00ab\u00a0Les op\u00e9rations de rachat d\u2019actions propres incarnent la financiarisation de l\u2019\u00e9conomie\u00a0\u00bb - Lab Entreprendre\" \/>\n<meta property=\"og:description\" content=\"Retrouvez cet\u00a0article r\u00e9dig\u00e9 par Roland P\u00e9rez, professeur \u00e9m\u00e9rite des Universit\u00e9s, LabEx Entreprendre , Montpellier Recherche en Management (MRM), Universit\u00e9 de Montpellier , publi\u00e9 sur le site Le Monde\u00a0: &nbsp; https:\/\/www.lemonde.fr\/idees\/article\/2022\/10\/30\/les-operations-de-rachat-d-actions-propres-incarnent-la-financiarisation-de-l-economie_6147926_3232.html#xtor=AL-32280270-%5Bdefault%5D-%5Bios%5D &nbsp;\" \/>\n<meta property=\"og:url\" content=\"https:\/\/labex-entreprendre.fr\/?p=3045\" \/>\n<meta property=\"og:site_name\" content=\"Lab Entreprendre\" \/>\n<meta property=\"article:published_time\" content=\"2022-10-30T13:17:12+00:00\" \/>\n<meta property=\"article:modified_time\" content=\"2022-11-02T13:26:45+00:00\" \/>\n<meta property=\"og:image\" content=\"https:\/\/labex-entreprendre.fr\/wp-content\/uploads\/2022\/11\/Roland-Perez-Science-politique-et-science-de-gestion-Elinor-Ostrom-et-la-grande-convergence-306349374.jpg\" \/>\n\t<meta property=\"og:image:width\" content=\"868\" \/>\n\t<meta property=\"og:image:height\" content=\"489\" \/>\n\t<meta property=\"og:image:type\" content=\"image\/jpeg\" \/>\n<meta name=\"author\" content=\"direction\" \/>\n<meta name=\"twitter:card\" content=\"summary_large_image\" \/>\n<meta name=\"twitter:label1\" content=\"\u00c9crit par\" \/>\n\t<meta name=\"twitter:data1\" content=\"direction\" \/>\n\t<meta name=\"twitter:label2\" content=\"Dur\u00e9e de lecture estim\u00e9e\" \/>\n\t<meta name=\"twitter:data2\" content=\"1 minute\" \/>\n<script type=\"application\/ld+json\" class=\"yoast-schema-graph\">{\"@context\":\"https:\/\/schema.org\",\"@graph\":[{\"@type\":\"WebPage\",\"@id\":\"https:\/\/labex-entreprendre.fr\/?p=3045\",\"url\":\"https:\/\/labex-entreprendre.fr\/?p=3045\",\"name\":\"\u00ab\u00a0Les op\u00e9rations de rachat d\u2019actions propres incarnent la financiarisation de l\u2019\u00e9conomie\u00a0\u00bb - Lab Entreprendre\",\"isPartOf\":{\"@id\":\"https:\/\/labex-entreprendre.fr\/#website\"},\"primaryImageOfPage\":{\"@id\":\"https:\/\/labex-entreprendre.fr\/?p=3045#primaryimage\"},\"image\":{\"@id\":\"https:\/\/labex-entreprendre.fr\/?p=3045#primaryimage\"},\"thumbnailUrl\":\"https:\/\/labex-entreprendre.fr\/wp-content\/uploads\/2022\/11\/Roland-Perez-Science-politique-et-science-de-gestion-Elinor-Ostrom-et-la-grande-convergence-306349374.jpg\",\"datePublished\":\"2022-10-30T13:17:12+00:00\",\"dateModified\":\"2022-11-02T13:26:45+00:00\",\"author\":{\"@id\":\"https:\/\/labex-entreprendre.fr\/#\/schema\/person\/d3b91492349c99bfe52b56c248bfa928\"},\"breadcrumb\":{\"@id\":\"https:\/\/labex-entreprendre.fr\/?p=3045#breadcrumb\"},\"inLanguage\":\"fr-FR\",\"potentialAction\":[{\"@type\":\"ReadAction\",\"target\":[\"https:\/\/labex-entreprendre.fr\/?p=3045\"]}]},{\"@type\":\"ImageObject\",\"inLanguage\":\"fr-FR\",\"@id\":\"https:\/\/labex-entreprendre.fr\/?p=3045#primaryimage\",\"url\":\"https:\/\/labex-entreprendre.fr\/wp-content\/uploads\/2022\/11\/Roland-Perez-Science-politique-et-science-de-gestion-Elinor-Ostrom-et-la-grande-convergence-306349374.jpg\",\"contentUrl\":\"https:\/\/labex-entreprendre.fr\/wp-content\/uploads\/2022\/11\/Roland-Perez-Science-politique-et-science-de-gestion-Elinor-Ostrom-et-la-grande-convergence-306349374.jpg\",\"width\":868,\"height\":489},{\"@type\":\"BreadcrumbList\",\"@id\":\"https:\/\/labex-entreprendre.fr\/?p=3045#breadcrumb\",\"itemListElement\":[{\"@type\":\"ListItem\",\"position\":1,\"name\":\"Home\",\"item\":\"https:\/\/labex-entreprendre.fr\/\"},{\"@type\":\"ListItem\",\"position\":2,\"name\":\"\u00ab\u00a0Les op\u00e9rations de rachat d\u2019actions propres incarnent la financiarisation de l\u2019\u00e9conomie\u00a0\u00bb\"}]},{\"@type\":\"WebSite\",\"@id\":\"https:\/\/labex-entreprendre.fr\/#website\",\"url\":\"https:\/\/labex-entreprendre.fr\/\",\"name\":\"Lab Entreprendre\",\"description\":\"Universit\u00e9 de Montpellier\",\"potentialAction\":[{\"@type\":\"SearchAction\",\"target\":{\"@type\":\"EntryPoint\",\"urlTemplate\":\"https:\/\/labex-entreprendre.fr\/?s={search_term_string}\"},\"query-input\":{\"@type\":\"PropertyValueSpecification\",\"valueRequired\":true,\"valueName\":\"search_term_string\"}}],\"inLanguage\":\"fr-FR\"},{\"@type\":\"Person\",\"@id\":\"https:\/\/labex-entreprendre.fr\/#\/schema\/person\/d3b91492349c99bfe52b56c248bfa928\",\"name\":\"direction\",\"image\":{\"@type\":\"ImageObject\",\"inLanguage\":\"fr-FR\",\"@id\":\"https:\/\/labex-entreprendre.fr\/#\/schema\/person\/image\/\",\"url\":\"https:\/\/secure.gravatar.com\/avatar\/f52f446d9efb9f661080c3710e41851836682966b6ba223078401945689687fa?s=96&d=mm&r=g\",\"contentUrl\":\"https:\/\/secure.gravatar.com\/avatar\/f52f446d9efb9f661080c3710e41851836682966b6ba223078401945689687fa?s=96&d=mm&r=g\",\"caption\":\"direction\"},\"url\":\"https:\/\/labex-entreprendre.fr\/?author=2\"}]}<\/script>\n<!-- \/ Yoast SEO plugin. -->","yoast_head_json":{"title":"\u00ab\u00a0Les op\u00e9rations de rachat d\u2019actions propres incarnent la financiarisation de l\u2019\u00e9conomie\u00a0\u00bb - Lab Entreprendre","robots":{"index":"index","follow":"follow","max-snippet":"max-snippet:-1","max-image-preview":"max-image-preview:large","max-video-preview":"max-video-preview:-1"},"canonical":"https:\/\/labex-entreprendre.fr\/?p=3045","og_locale":"fr_FR","og_type":"article","og_title":"\u00ab\u00a0Les op\u00e9rations de rachat d\u2019actions propres incarnent la financiarisation de l\u2019\u00e9conomie\u00a0\u00bb - Lab Entreprendre","og_description":"Retrouvez cet\u00a0article r\u00e9dig\u00e9 par Roland P\u00e9rez, professeur \u00e9m\u00e9rite des Universit\u00e9s, LabEx Entreprendre , Montpellier Recherche en Management (MRM), Universit\u00e9 de Montpellier , publi\u00e9 sur le site Le Monde\u00a0: &nbsp; https:\/\/www.lemonde.fr\/idees\/article\/2022\/10\/30\/les-operations-de-rachat-d-actions-propres-incarnent-la-financiarisation-de-l-economie_6147926_3232.html#xtor=AL-32280270-%5Bdefault%5D-%5Bios%5D &nbsp;","og_url":"https:\/\/labex-entreprendre.fr\/?p=3045","og_site_name":"Lab Entreprendre","article_published_time":"2022-10-30T13:17:12+00:00","article_modified_time":"2022-11-02T13:26:45+00:00","og_image":[{"width":868,"height":489,"url":"https:\/\/labex-entreprendre.fr\/wp-content\/uploads\/2022\/11\/Roland-Perez-Science-politique-et-science-de-gestion-Elinor-Ostrom-et-la-grande-convergence-306349374.jpg","type":"image\/jpeg"}],"author":"direction","twitter_card":"summary_large_image","twitter_misc":{"\u00c9crit par":"direction","Dur\u00e9e de lecture estim\u00e9e":"1 minute"},"schema":{"@context":"https:\/\/schema.org","@graph":[{"@type":"WebPage","@id":"https:\/\/labex-entreprendre.fr\/?p=3045","url":"https:\/\/labex-entreprendre.fr\/?p=3045","name":"\u00ab\u00a0Les op\u00e9rations de rachat d\u2019actions propres incarnent la financiarisation de l\u2019\u00e9conomie\u00a0\u00bb - Lab Entreprendre","isPartOf":{"@id":"https:\/\/labex-entreprendre.fr\/#website"},"primaryImageOfPage":{"@id":"https:\/\/labex-entreprendre.fr\/?p=3045#primaryimage"},"image":{"@id":"https:\/\/labex-entreprendre.fr\/?p=3045#primaryimage"},"thumbnailUrl":"https:\/\/labex-entreprendre.fr\/wp-content\/uploads\/2022\/11\/Roland-Perez-Science-politique-et-science-de-gestion-Elinor-Ostrom-et-la-grande-convergence-306349374.jpg","datePublished":"2022-10-30T13:17:12+00:00","dateModified":"2022-11-02T13:26:45+00:00","author":{"@id":"https:\/\/labex-entreprendre.fr\/#\/schema\/person\/d3b91492349c99bfe52b56c248bfa928"},"breadcrumb":{"@id":"https:\/\/labex-entreprendre.fr\/?p=3045#breadcrumb"},"inLanguage":"fr-FR","potentialAction":[{"@type":"ReadAction","target":["https:\/\/labex-entreprendre.fr\/?p=3045"]}]},{"@type":"ImageObject","inLanguage":"fr-FR","@id":"https:\/\/labex-entreprendre.fr\/?p=3045#primaryimage","url":"https:\/\/labex-entreprendre.fr\/wp-content\/uploads\/2022\/11\/Roland-Perez-Science-politique-et-science-de-gestion-Elinor-Ostrom-et-la-grande-convergence-306349374.jpg","contentUrl":"https:\/\/labex-entreprendre.fr\/wp-content\/uploads\/2022\/11\/Roland-Perez-Science-politique-et-science-de-gestion-Elinor-Ostrom-et-la-grande-convergence-306349374.jpg","width":868,"height":489},{"@type":"BreadcrumbList","@id":"https:\/\/labex-entreprendre.fr\/?p=3045#breadcrumb","itemListElement":[{"@type":"ListItem","position":1,"name":"Home","item":"https:\/\/labex-entreprendre.fr\/"},{"@type":"ListItem","position":2,"name":"\u00ab\u00a0Les op\u00e9rations de rachat d\u2019actions propres incarnent la financiarisation de l\u2019\u00e9conomie\u00a0\u00bb"}]},{"@type":"WebSite","@id":"https:\/\/labex-entreprendre.fr\/#website","url":"https:\/\/labex-entreprendre.fr\/","name":"Lab Entreprendre","description":"Universit\u00e9 de Montpellier","potentialAction":[{"@type":"SearchAction","target":{"@type":"EntryPoint","urlTemplate":"https:\/\/labex-entreprendre.fr\/?s={search_term_string}"},"query-input":{"@type":"PropertyValueSpecification","valueRequired":true,"valueName":"search_term_string"}}],"inLanguage":"fr-FR"},{"@type":"Person","@id":"https:\/\/labex-entreprendre.fr\/#\/schema\/person\/d3b91492349c99bfe52b56c248bfa928","name":"direction","image":{"@type":"ImageObject","inLanguage":"fr-FR","@id":"https:\/\/labex-entreprendre.fr\/#\/schema\/person\/image\/","url":"https:\/\/secure.gravatar.com\/avatar\/f52f446d9efb9f661080c3710e41851836682966b6ba223078401945689687fa?s=96&d=mm&r=g","contentUrl":"https:\/\/secure.gravatar.com\/avatar\/f52f446d9efb9f661080c3710e41851836682966b6ba223078401945689687fa?s=96&d=mm&r=g","caption":"direction"},"url":"https:\/\/labex-entreprendre.fr\/?author=2"}]}},"_links":{"self":[{"href":"https:\/\/labex-entreprendre.fr\/index.php?rest_route=\/wp\/v2\/posts\/3045","targetHints":{"allow":["GET"]}}],"collection":[{"href":"https:\/\/labex-entreprendre.fr\/index.php?rest_route=\/wp\/v2\/posts"}],"about":[{"href":"https:\/\/labex-entreprendre.fr\/index.php?rest_route=\/wp\/v2\/types\/post"}],"author":[{"embeddable":true,"href":"https:\/\/labex-entreprendre.fr\/index.php?rest_route=\/wp\/v2\/users\/2"}],"replies":[{"embeddable":true,"href":"https:\/\/labex-entreprendre.fr\/index.php?rest_route=%2Fwp%2Fv2%2Fcomments&post=3045"}],"version-history":[{"count":4,"href":"https:\/\/labex-entreprendre.fr\/index.php?rest_route=\/wp\/v2\/posts\/3045\/revisions"}],"predecessor-version":[{"id":3052,"href":"https:\/\/labex-entreprendre.fr\/index.php?rest_route=\/wp\/v2\/posts\/3045\/revisions\/3052"}],"wp:featuredmedia":[{"embeddable":true,"href":"https:\/\/labex-entreprendre.fr\/index.php?rest_route=\/wp\/v2\/media\/3049"}],"wp:attachment":[{"href":"https:\/\/labex-entreprendre.fr\/index.php?rest_route=%2Fwp%2Fv2%2Fmedia&parent=3045"}],"wp:term":[{"taxonomy":"category","embeddable":true,"href":"https:\/\/labex-entreprendre.fr\/index.php?rest_route=%2Fwp%2Fv2%2Fcategories&post=3045"},{"taxonomy":"post_tag","embeddable":true,"href":"https:\/\/labex-entreprendre.fr\/index.php?rest_route=%2Fwp%2Fv2%2Ftags&post=3045"}],"curies":[{"name":"wp","href":"https:\/\/api.w.org\/{rel}","templated":true}]}}