{"id":1172,"date":"2021-06-17T09:00:00","date_gmt":"2021-06-17T07:00:00","guid":{"rendered":"https:\/\/labex-entreprendre.online\/?p=1172"},"modified":"2022-10-05T14:33:04","modified_gmt":"2022-10-05T12:33:04","slug":"les-echos-record-de-creations-dentreprises-entre-uberisation-et-espoir-de-reprise","status":"publish","type":"post","link":"https:\/\/labex-entreprendre.fr\/?p=1172","title":{"rendered":"Les Echos : Record de cr\u00e9ations d&rsquo;entreprises, entre ub\u00e9risation et espoir de reprise"},"content":{"rendered":"\n<p>PAR <strong>YVES VILAGINES\u00a0<\/strong><\/p>\n\n\n\n<h2 class=\"wp-block-heading\">Malgr\u00e9 la crise, pr\u00e8s d&rsquo;un million d&rsquo;entreprises ont \u00e9t\u00e9 cr\u00e9\u00e9es ces douze derniers mois dont les trois quarts sont des entreprises individuelles. Un niveau jamais atteint ! La livraison repr\u00e9sente une immatriculation sur six chez les microentrepreneurs.<\/h2>\n\n\n\n<p>Pr\u00e8s d&rsquo;<strong>un million d&rsquo;entreprises cr\u00e9\u00e9es en un an<\/strong>, c&rsquo;est du jamais vu en France. \u00ab Une bonne nouvelle ! Cela traduit la confiance dans l&rsquo;avenir \u00bb, assure&nbsp;<a href=\"https:\/\/business.lesechos.fr\/entrepreneurs\/gestion-finance\/0603845626474-plan-de-relance-griset-promet-40-milliards-d-euros-de-retombees-pour-les-pme-339514.php\">Alain Griset<\/a>, le ministre charg\u00e9 des petites et moyennes entreprises qui aime voir le verre \u00e0 moiti\u00e9 plein. Sur les douze derniers mois, l&rsquo;Insee d\u00e9nombre 996.217 cr\u00e9ations d&rsquo;entreprises contre 848.164 en 2020.<\/p>\n\n\n\n<p>La&nbsp;<a href=\"https:\/\/business.lesechos.fr\/entrepreneurs\/ressources-humaines\/0604003209080-covid-19-le-cas-contact-d-un-cas-contact-est-il-un-cas-contact-340122.php\">crise sanitaire<\/a>&nbsp;n&rsquo;\u00e9teint donc pas les envies des cr\u00e9ateurs d&rsquo;entreprise. Les cr\u00e9ations progressent de 31 % sur douze mois. \u00ab C&rsquo;est \u00e9tonnant ! En p\u00e9riode de crise, on pourrait s&rsquo;attendre \u00e0 une perte d&rsquo;optimisme \u00bb, analyse Olivier Torres, le pr\u00e9sident du conseil scientifique du Labex Entreprendre \u00e0 l&rsquo;universit\u00e9 de&nbsp;<a href=\"https:\/\/business.lesechos.fr\/entrepreneurs\/aides-reseaux\/lancer-sa-start-up-a-montpellier-quel-incubateur-choisir-212481.php\">Montpellier<\/a>. Selon le chercheur, les raisons de cette hausse sont multiples et contrast\u00e9es.<\/p>\n\n\n\n<h3 class=\"wp-block-heading\">Entre contrainte et opportunisme<\/h3>\n\n\n\n<p>Les aides massives de l&rsquo;Etat ont r\u00e9duit l&rsquo;incertitude \u00e0 court terme.<strong>&nbsp;Les jeunes, \u00e9tudiants et lyc\u00e9ens<\/strong>, sont, par exemple, toujours aussi nombreux \u00e0 avoir envie d&rsquo;entreprendre : 42 % selon un sondage OpinionWay pour le Moovjee et le CIC. Quant aux effets de la crise, ils sont jug\u00e9s \u00e0 \u00e9galit\u00e9 &#8211; 49 % &#8211; comme autant d&rsquo;opportunit\u00e9s que de risques.<\/p>\n\n\n\n<p><a href=\"https:\/\/business.lesechos.fr\/entrepreneurs\/idees-de-business\/dossiers\/idees-tendances-2021\/creer-son-entreprise-en-2021-idees-et-tendances-pour-se-lancer-343650.php\">DOSSIER SPECIAL &#8211; Id\u00e9es et tendances pour cr\u00e9er son entreprise<\/a><\/p>\n\n\n\n<p>Les cr\u00e9ations d&rsquo;entreprises illustrent cette double tendance, entre contrainte et opportunisme. Trois cr\u00e9ations sur quatre sont des entreprises individuelles. Ces entrepreneurs d\u00e9veloppent avant tout leur propre emploi. A eux seuls, les microentrepreneurs constituent les deux tiers du total des nouvelles cr\u00e9ations. Et parmi eux,&nbsp;<a href=\"https:\/\/business.lesechos.fr\/entrepreneurs\/auto-entrepreneur\/0611134321736-deliveroo-uber-eats-qui-se-cache-derriere-le-livreur-de-repas-parisien-343859.php\">les livreurs<\/a>&nbsp;sont les plus nombreux.<\/p>\n\n\n\n<p>Selon les greffiers des tribunaux de&nbsp;<a href=\"https:\/\/business.lesechos.fr\/entrepreneurs\/aides-reseaux\/0601929280548-retail-les-incubateurs-et-accelerateurs-pour-lancer-sa-start-up-332694.php\">commerce<\/a>, le secteur de la livraison repr\u00e9sente une immatriculation d&rsquo;entreprise sur six, sur les premiers mois de l&rsquo;ann\u00e9e 2021. Une flamb\u00e9e qui s&rsquo;explique par la fermeture des salles de&nbsp;<a href=\"https:\/\/business.lesechos.fr\/entrepreneurs\/aides-reseaux\/0600003868269-restauration-9-incubateurs-et-programmes-pour-se-lancer-324402.php\">restaurant<\/a>. En 2020, le nombre des livreurs chez Deliveroo a grimp\u00e9 de 11.000 \u00e0 14.000, notamment par l&rsquo;arriv\u00e9e en force d&rsquo;\u00e9tudiants ayant perdu leurs petits boulots.<\/p>\n\n\n\n<h3 class=\"wp-block-heading\">Hausse des cr\u00e9ations en soci\u00e9t\u00e9<\/h3>\n\n\n\n<p>Hors livraison, on observe aussi une hausse des m\u00e9tiers traditionnels du travail ind\u00e9pendant (<a href=\"https:\/\/business.lesechos.fr\/entrepreneurs\/auto-entrepreneur\/0611133772839-freelances-les-marketplaces-sont-elles-devenues-incontournables-343898.php\">free-lance<\/a>) : de la formation au digital, en passant par les services \u00e0 la personne. \u00ab Avec l&rsquo;explosion du&nbsp;<a href=\"https:\/\/business.lesechos.fr\/entrepreneurs\/ressources-humaines\/0700814483777-teletravail-10-questions-pratiques-qui-se-posent-aux-employeurs-346862.php\">t\u00e9l\u00e9travail<\/a>, la crise a montr\u00e9 \u00e0 beaucoup qu&rsquo;on pouvait faire \u00e0 distance. Elle a permis une prise de recul, donn\u00e9 du temps pour m\u00fbrir son projet \u00bb, souligne le chercheur Olivier Torres. Il s&rsquo;agit l\u00e0 d&rsquo;un&nbsp;<strong>glissement progressif du salariat vers le travail ind\u00e9pendant<\/strong>, parfois sans m\u00eame abandonner son emploi.<\/p>\n\n\n\n<p><a href=\"https:\/\/business.lesechos.fr\/entrepreneurs\/toujours-plus-haut\/networking\/0611125610587-reseaux-de-femmes-une-impulsion-pour-favoriser-la-mixite-dans-l-entrepreneuriat-343884.php\">R\u00e9seaux de femmes : une impulsion pour favoriser la mixit\u00e9 dans l&rsquo;entrepreneuriat<\/a><\/p>\n\n\n\n<p>Au-del\u00e0 de la conjoncture, cette hausse est \u00ab plus qu&rsquo;un rebond technique \u00bb, souligne le Conseil national des greffiers des tribunaux de commerce. Meilleure preuve, les cr\u00e9ations sous forme de soci\u00e9t\u00e9 progressent. L&rsquo;Insee en comptabilisait 218.000 en 2019 et 2020. Sur les douze derniers mois, le rythme d\u00e9passe les 256.000. Ces jeunes soci\u00e9t\u00e9s constituent l&rsquo;essentiel du vivier des PME de demain.<\/p>\n\n\n\n<figure class=\"wp-block-image size-full\"><img loading=\"lazy\" decoding=\"async\" width=\"620\" height=\"599\" src=\"https:\/\/labex-entreprendre.fr\/wp-content\/uploads\/2022\/10\/344035_record-de-creations-d-entreprises-entre-uberisation-et-espoir-de-reprise-record-de-creations-dentreprises-entre-uberisation-et-espoir-de-reprise-web-0611223141139-2417158.jpg\" alt=\"\" class=\"wp-image-2771\" title=\"\" srcset=\"https:\/\/labex-entreprendre.fr\/wp-content\/uploads\/2022\/10\/344035_record-de-creations-d-entreprises-entre-uberisation-et-espoir-de-reprise-record-de-creations-dentreprises-entre-uberisation-et-espoir-de-reprise-web-0611223141139-2417158.jpg 620w, https:\/\/labex-entreprendre.fr\/wp-content\/uploads\/2022\/10\/344035_record-de-creations-d-entreprises-entre-uberisation-et-espoir-de-reprise-record-de-creations-dentreprises-entre-uberisation-et-espoir-de-reprise-web-0611223141139-2417158-480x464.jpg 480w\" sizes=\"(min-width: 0px) and (max-width: 480px) 480px, (min-width: 481px) 620px, 100vw\" \/><figcaption>Record de cr\u00e9ations d&rsquo;entreprises, entre ub\u00e9risation et espoir de reprise<\/figcaption><\/figure>\n\n\n\n<p>En moyenne, une entreprise poss\u00e8de<strong>&nbsp;60 % de chances de survie cinq ans apr\u00e8s sa cr\u00e9ation<\/strong>. Mais si ses fondateurs sont accompagn\u00e9s, ses chances augmentent.&nbsp;<a href=\"https:\/\/business.lesechos.fr\/entrepreneurs\/communaute\/0601244509314-reseau-entreprendre-s-ouvre-aux-projets-associatifs-et-cooperatifs-329395.php\">R\u00e9seau Entreprendre<\/a>, par exemple, affiche un taux de p\u00e9rennit\u00e9 \u00e0 cinq ans de 90 %. L&rsquo;enjeu, c&rsquo;est donc que les r\u00e9seaux et associations puissent absorber cet afflux de nouveaux cr\u00e9ateurs. Toutes structures confondues, on estime qu&rsquo;environ 100.000 porteurs de projet sont accompagn\u00e9s chaque ann\u00e9e, qu&rsquo;ils cr\u00e9ent ou non au final. C&rsquo;est aujourd&rsquo;hui trop peu !<\/p>\n\n\n\n<h3 class=\"wp-block-heading\">Des financements suppl\u00e9mentaires<\/h3>\n\n\n\n<p>Peut-on faire plus ? Guillaume Pepy, le pr\u00e9sident d&rsquo;Initiative France, veut le croire. \u00ab En moyenne, depuis le d\u00e9but de l&rsquo;ann\u00e9e, nous recevons 1,5 fois plus de demandes. Mais nos moyens sont limit\u00e9s. Il y a beaucoup de cr\u00e9dits d&rsquo;intervention mais peu pour le fonctionnement. Or, pour accompagner, il faut des gens. \u00bb Face \u00e0 cette probl\u00e9matique, le ministre des PME se veut conciliant : \u00ab je ne suis pas contre ajouter quelques moyens \u00bb.<\/p>\n\n\n\n<p>Le minist\u00e8re du Travail a notamment lanc\u00e9 un appel d&rsquo;offres fin 2020 pour accompagner 40.000 personnes fragiles dont 15.000 jeunes de moins de 30 ans vers la cr\u00e9ation d&rsquo;entreprise. Un&nbsp;<strong>budget de 40 millions<\/strong>&nbsp;est pr\u00e9vu pour les formations et 25 millions pour des financements au d\u00e9marrage d&rsquo;activit\u00e9.<\/p>\n\n\n\n<p><a href=\"https:\/\/business.lesechos.fr\/entrepreneurs\/idees-de-business\/dossiers\/Entreprendre-quartiers\/banlieue-quartiers-prioritaires-qpv-entreprendre-pour-s-en-sortir-344019.php\">DOSSIER &#8211; Entreprendre dans les quartiers<\/a><\/p>\n\n\n\n<p>Mais l&rsquo;effort principal est fourni par&nbsp;<a href=\"https:\/\/business.lesechos.fr\/entrepreneurs\/financer-sa-croissance\/0700865337182-bpifrance-acteur-incontournable-de-la-gestion-de-crise-et-de-la-relance-346976.php\">Bpifrance<\/a>. La banque publique met les bouch\u00e9es doubles : deux fois plus de pr\u00eats d&rsquo;honneur sans int\u00e9r\u00eat et sans garantie personnelle, 12.500 cette ann\u00e9e et 25.000 en 2022 ; deux fois plus de&nbsp;<a href=\"https:\/\/business.lesechos.fr\/entrepreneurs\/financer-sa-creation\/0604117304864-nacre-devient-pret-d-honneur-solidaire-sous-la-houlette-de-bpifrance-340698.php\">pr\u00eats d&rsquo;honneur solidaire<\/a>&nbsp;pour les publics fragiles et les jeunes de moins de 30 ans, 12.000 pr\u00e9vus cette ann\u00e9e.<\/p>\n\n\n\n<p>\u00ab On s&rsquo;\u00e9tait fix\u00e9 ces objectifs \u00e0 cinq ans. Le plan de relance a acc\u00e9l\u00e9r\u00e9 le mouvement \u00bb, t\u00e9moigne Marie Adeline-Peix, directrice ex\u00e9cutive chez Bpifrance en charge de l&rsquo;action territoriale et de la cr\u00e9ation. Mais au-del\u00e0 du financement auquel participent aussi activement les collectivit\u00e9s territoriales, en particulier les r\u00e9gions, elle insiste sur la digitalisation des parcours pour accueillir plus de futurs cr\u00e9ateurs.<\/p>\n\n\n\n<h3 class=\"wp-block-heading\">Plus de PME<\/h3>\n\n\n\n<p>Enfin, la hausse des cr\u00e9ations d&rsquo;entreprises s&rsquo;inscrit dans un mouvement de fond, l&rsquo;aboutissement de vingt ans de politiques favorables dont l&rsquo;acte majeur a \u00e9t\u00e9 la cr\u00e9ation du r\u00e9gime social et fiscal simplifi\u00e9 de microentrepreneur . \u00ab Un engouement. L&rsquo;entrepreneuriat est maintenant partout\u2026 \u00bb, pr\u00e9cise m\u00eame Christophe Garonne, professeur d&rsquo;entrepreneuriat \u00e0 Kedge Business School.<\/p>\n\n\n\n<p>Deux d\u00e9cennies dont on r\u00e9colte peu \u00e0 peu les fruits. Depuis 2010, le nombre de PME de plus de 10 salari\u00e9s et de moins de 250 salari\u00e9s a progress\u00e9 de 12.000 unit\u00e9s \u00e0 148.000 en 2018, dernier chiffre connu. De m\u00eame, le nombre d&rsquo;ETI, ces entreprises de plus de 250 personnes et de 50 millions d&rsquo;euros de chiffre d&rsquo;affaires a progress\u00e9 de 1.000 unit\u00e9s \u00e0 pr\u00e8s de 5.800. Ce n&rsquo;est pas encore le Mittelstand allemand, mais on progresse.<\/p>\n\n\n\n<p><\/p>\n\n\n\n<p>Lien vers l&rsquo;article : <a href=\"https:\/\/business.lesechos.fr\/entrepreneurs\/communaute\/0611215106766-record-de-creations-d-entreprises-entre-uberisation-et-espoir-de-reprise-344035.php\" target=\"_blank\" rel=\"noreferrer noopener\">https:\/\/business.lesechos.fr\/entrepreneurs\/communaute\/0611215106766-record-de-creations-d-entreprises-entre-uberisation-et-espoir-de-reprise-344035.php<\/a><\/p>\n","protected":false},"excerpt":{"rendered":"<p>PAR YVES VILAGINES\u00a0 Malgr\u00e9 la crise, pr\u00e8s d&rsquo;un million d&rsquo;entreprises ont \u00e9t\u00e9 cr\u00e9\u00e9es ces douze derniers mois dont les trois quarts sont des entreprises individuelles. Un niveau jamais atteint ! La livraison repr\u00e9sente une immatriculation sur six chez les microentrepreneurs. Pr\u00e8s d&rsquo;un million d&rsquo;entreprises cr\u00e9\u00e9es en un an, c&rsquo;est du jamais vu en France. \u00ab [&hellip;]<\/p>\n","protected":false},"author":1,"featured_media":1173,"comment_status":"closed","ping_status":"closed","sticky":false,"template":"","format":"standard","meta":{"_et_pb_use_builder":"off","_et_pb_old_content":"<!-- wp:paragraph -->\n<p>Cras ultricies ligula sed magna dictum porta. Praesent sapien massa, convallis a pellentesque nec, egestas non nisi. Vestibulum ante ipsum primis in faucibus orci luctus et ultrices posuere.<\/p>\n<!-- \/wp:paragraph -->","_et_gb_content_width":"2880","footnotes":""},"categories":[8],"tags":[],"class_list":["post-1172","post","type-post","status-publish","format-standard","has-post-thumbnail","hentry","category-presse"],"yoast_head":"<!-- This site is optimized with the Yoast SEO plugin v23.4 - https:\/\/yoast.com\/wordpress\/plugins\/seo\/ -->\n<title>Les Echos : Record de cr\u00e9ations d&#039;entreprises, entre ub\u00e9risation et espoir de reprise - Lab Entreprendre<\/title>\n<meta name=\"robots\" content=\"index, follow, max-snippet:-1, max-image-preview:large, max-video-preview:-1\" \/>\n<link rel=\"canonical\" href=\"https:\/\/labex-entreprendre.fr\/?p=1172\" \/>\n<meta property=\"og:locale\" content=\"fr_FR\" \/>\n<meta property=\"og:type\" content=\"article\" \/>\n<meta property=\"og:title\" content=\"Les Echos : Record de cr\u00e9ations d&#039;entreprises, entre ub\u00e9risation et espoir de reprise - Lab Entreprendre\" \/>\n<meta property=\"og:description\" content=\"PAR YVES VILAGINES\u00a0 Malgr\u00e9 la crise, pr\u00e8s d&rsquo;un million d&rsquo;entreprises ont \u00e9t\u00e9 cr\u00e9\u00e9es ces douze derniers mois dont les trois quarts sont des entreprises individuelles. Un niveau jamais atteint ! La livraison repr\u00e9sente une immatriculation sur six chez les microentrepreneurs. Pr\u00e8s d&rsquo;un million d&rsquo;entreprises cr\u00e9\u00e9es en un an, c&rsquo;est du jamais vu en France. \u00ab [&hellip;]\" \/>\n<meta property=\"og:url\" content=\"https:\/\/labex-entreprendre.fr\/?p=1172\" \/>\n<meta property=\"og:site_name\" content=\"Lab Entreprendre\" \/>\n<meta property=\"article:published_time\" content=\"2021-06-17T07:00:00+00:00\" \/>\n<meta property=\"article:modified_time\" content=\"2022-10-05T12:33:04+00:00\" \/>\n<meta property=\"og:image\" content=\"https:\/\/labex-entreprendre.fr\/wp-content\/uploads\/2022\/01\/Capture-decran-2022-01-12-a-12.04.09.png\" \/>\n\t<meta property=\"og:image:width\" content=\"2146\" \/>\n\t<meta property=\"og:image:height\" content=\"746\" \/>\n\t<meta property=\"og:image:type\" content=\"image\/png\" \/>\n<meta name=\"author\" content=\"admin2022\" \/>\n<meta name=\"twitter:card\" content=\"summary_large_image\" \/>\n<meta name=\"twitter:label1\" content=\"\u00c9crit par\" \/>\n\t<meta name=\"twitter:data1\" content=\"admin2022\" \/>\n\t<meta name=\"twitter:label2\" content=\"Dur\u00e9e de lecture estim\u00e9e\" \/>\n\t<meta name=\"twitter:data2\" content=\"1 minute\" \/>\n<script type=\"application\/ld+json\" class=\"yoast-schema-graph\">{\"@context\":\"https:\/\/schema.org\",\"@graph\":[{\"@type\":\"WebPage\",\"@id\":\"https:\/\/labex-entreprendre.fr\/?p=1172\",\"url\":\"https:\/\/labex-entreprendre.fr\/?p=1172\",\"name\":\"Les Echos : Record de cr\u00e9ations d'entreprises, entre ub\u00e9risation et espoir de reprise - Lab Entreprendre\",\"isPartOf\":{\"@id\":\"https:\/\/labex-entreprendre.fr\/#website\"},\"primaryImageOfPage\":{\"@id\":\"https:\/\/labex-entreprendre.fr\/?p=1172#primaryimage\"},\"image\":{\"@id\":\"https:\/\/labex-entreprendre.fr\/?p=1172#primaryimage\"},\"thumbnailUrl\":\"https:\/\/labex-entreprendre.fr\/wp-content\/uploads\/2022\/01\/Capture-decran-2022-01-12-a-12.04.09.png\",\"datePublished\":\"2021-06-17T07:00:00+00:00\",\"dateModified\":\"2022-10-05T12:33:04+00:00\",\"author\":{\"@id\":\"https:\/\/labex-entreprendre.fr\/#\/schema\/person\/b33b94239994bf9c77aab4332f0fc8e3\"},\"breadcrumb\":{\"@id\":\"https:\/\/labex-entreprendre.fr\/?p=1172#breadcrumb\"},\"inLanguage\":\"fr-FR\",\"potentialAction\":[{\"@type\":\"ReadAction\",\"target\":[\"https:\/\/labex-entreprendre.fr\/?p=1172\"]}]},{\"@type\":\"ImageObject\",\"inLanguage\":\"fr-FR\",\"@id\":\"https:\/\/labex-entreprendre.fr\/?p=1172#primaryimage\",\"url\":\"https:\/\/labex-entreprendre.fr\/wp-content\/uploads\/2022\/01\/Capture-decran-2022-01-12-a-12.04.09.png\",\"contentUrl\":\"https:\/\/labex-entreprendre.fr\/wp-content\/uploads\/2022\/01\/Capture-decran-2022-01-12-a-12.04.09.png\",\"width\":2146,\"height\":746},{\"@type\":\"BreadcrumbList\",\"@id\":\"https:\/\/labex-entreprendre.fr\/?p=1172#breadcrumb\",\"itemListElement\":[{\"@type\":\"ListItem\",\"position\":1,\"name\":\"Home\",\"item\":\"https:\/\/labex-entreprendre.fr\/\"},{\"@type\":\"ListItem\",\"position\":2,\"name\":\"Les Echos : Record de cr\u00e9ations d&rsquo;entreprises, entre ub\u00e9risation et espoir de reprise\"}]},{\"@type\":\"WebSite\",\"@id\":\"https:\/\/labex-entreprendre.fr\/#website\",\"url\":\"https:\/\/labex-entreprendre.fr\/\",\"name\":\"Lab Entreprendre\",\"description\":\"Universit\u00e9 de Montpellier\",\"potentialAction\":[{\"@type\":\"SearchAction\",\"target\":{\"@type\":\"EntryPoint\",\"urlTemplate\":\"https:\/\/labex-entreprendre.fr\/?s={search_term_string}\"},\"query-input\":{\"@type\":\"PropertyValueSpecification\",\"valueRequired\":true,\"valueName\":\"search_term_string\"}}],\"inLanguage\":\"fr-FR\"},{\"@type\":\"Person\",\"@id\":\"https:\/\/labex-entreprendre.fr\/#\/schema\/person\/b33b94239994bf9c77aab4332f0fc8e3\",\"name\":\"admin2022\",\"image\":{\"@type\":\"ImageObject\",\"inLanguage\":\"fr-FR\",\"@id\":\"https:\/\/labex-entreprendre.fr\/#\/schema\/person\/image\/\",\"url\":\"https:\/\/secure.gravatar.com\/avatar\/4f64588cd11dc1127fd1cd36939341f8cc0749f274ba4ca16c618386d1cfc5ad?s=96&d=mm&r=g\",\"contentUrl\":\"https:\/\/secure.gravatar.com\/avatar\/4f64588cd11dc1127fd1cd36939341f8cc0749f274ba4ca16c618386d1cfc5ad?s=96&d=mm&r=g\",\"caption\":\"admin2022\"},\"sameAs\":[\"https:\/\/labex-entreprendre.online\"],\"url\":\"https:\/\/labex-entreprendre.fr\/?author=1\"}]}<\/script>\n<!-- \/ Yoast SEO plugin. -->","yoast_head_json":{"title":"Les Echos : Record de cr\u00e9ations d'entreprises, entre ub\u00e9risation et espoir de reprise - Lab Entreprendre","robots":{"index":"index","follow":"follow","max-snippet":"max-snippet:-1","max-image-preview":"max-image-preview:large","max-video-preview":"max-video-preview:-1"},"canonical":"https:\/\/labex-entreprendre.fr\/?p=1172","og_locale":"fr_FR","og_type":"article","og_title":"Les Echos : Record de cr\u00e9ations d'entreprises, entre ub\u00e9risation et espoir de reprise - Lab Entreprendre","og_description":"PAR YVES VILAGINES\u00a0 Malgr\u00e9 la crise, pr\u00e8s d&rsquo;un million d&rsquo;entreprises ont \u00e9t\u00e9 cr\u00e9\u00e9es ces douze derniers mois dont les trois quarts sont des entreprises individuelles. Un niveau jamais atteint ! La livraison repr\u00e9sente une immatriculation sur six chez les microentrepreneurs. Pr\u00e8s d&rsquo;un million d&rsquo;entreprises cr\u00e9\u00e9es en un an, c&rsquo;est du jamais vu en France. \u00ab [&hellip;]","og_url":"https:\/\/labex-entreprendre.fr\/?p=1172","og_site_name":"Lab Entreprendre","article_published_time":"2021-06-17T07:00:00+00:00","article_modified_time":"2022-10-05T12:33:04+00:00","og_image":[{"width":2146,"height":746,"url":"https:\/\/labex-entreprendre.fr\/wp-content\/uploads\/2022\/01\/Capture-decran-2022-01-12-a-12.04.09.png","type":"image\/png"}],"author":"admin2022","twitter_card":"summary_large_image","twitter_misc":{"\u00c9crit par":"admin2022","Dur\u00e9e de lecture estim\u00e9e":"1 minute"},"schema":{"@context":"https:\/\/schema.org","@graph":[{"@type":"WebPage","@id":"https:\/\/labex-entreprendre.fr\/?p=1172","url":"https:\/\/labex-entreprendre.fr\/?p=1172","name":"Les Echos : Record de cr\u00e9ations d'entreprises, entre ub\u00e9risation et espoir de reprise - Lab Entreprendre","isPartOf":{"@id":"https:\/\/labex-entreprendre.fr\/#website"},"primaryImageOfPage":{"@id":"https:\/\/labex-entreprendre.fr\/?p=1172#primaryimage"},"image":{"@id":"https:\/\/labex-entreprendre.fr\/?p=1172#primaryimage"},"thumbnailUrl":"https:\/\/labex-entreprendre.fr\/wp-content\/uploads\/2022\/01\/Capture-decran-2022-01-12-a-12.04.09.png","datePublished":"2021-06-17T07:00:00+00:00","dateModified":"2022-10-05T12:33:04+00:00","author":{"@id":"https:\/\/labex-entreprendre.fr\/#\/schema\/person\/b33b94239994bf9c77aab4332f0fc8e3"},"breadcrumb":{"@id":"https:\/\/labex-entreprendre.fr\/?p=1172#breadcrumb"},"inLanguage":"fr-FR","potentialAction":[{"@type":"ReadAction","target":["https:\/\/labex-entreprendre.fr\/?p=1172"]}]},{"@type":"ImageObject","inLanguage":"fr-FR","@id":"https:\/\/labex-entreprendre.fr\/?p=1172#primaryimage","url":"https:\/\/labex-entreprendre.fr\/wp-content\/uploads\/2022\/01\/Capture-decran-2022-01-12-a-12.04.09.png","contentUrl":"https:\/\/labex-entreprendre.fr\/wp-content\/uploads\/2022\/01\/Capture-decran-2022-01-12-a-12.04.09.png","width":2146,"height":746},{"@type":"BreadcrumbList","@id":"https:\/\/labex-entreprendre.fr\/?p=1172#breadcrumb","itemListElement":[{"@type":"ListItem","position":1,"name":"Home","item":"https:\/\/labex-entreprendre.fr\/"},{"@type":"ListItem","position":2,"name":"Les Echos : Record de cr\u00e9ations d&rsquo;entreprises, entre ub\u00e9risation et espoir de reprise"}]},{"@type":"WebSite","@id":"https:\/\/labex-entreprendre.fr\/#website","url":"https:\/\/labex-entreprendre.fr\/","name":"Lab Entreprendre","description":"Universit\u00e9 de Montpellier","potentialAction":[{"@type":"SearchAction","target":{"@type":"EntryPoint","urlTemplate":"https:\/\/labex-entreprendre.fr\/?s={search_term_string}"},"query-input":{"@type":"PropertyValueSpecification","valueRequired":true,"valueName":"search_term_string"}}],"inLanguage":"fr-FR"},{"@type":"Person","@id":"https:\/\/labex-entreprendre.fr\/#\/schema\/person\/b33b94239994bf9c77aab4332f0fc8e3","name":"admin2022","image":{"@type":"ImageObject","inLanguage":"fr-FR","@id":"https:\/\/labex-entreprendre.fr\/#\/schema\/person\/image\/","url":"https:\/\/secure.gravatar.com\/avatar\/4f64588cd11dc1127fd1cd36939341f8cc0749f274ba4ca16c618386d1cfc5ad?s=96&d=mm&r=g","contentUrl":"https:\/\/secure.gravatar.com\/avatar\/4f64588cd11dc1127fd1cd36939341f8cc0749f274ba4ca16c618386d1cfc5ad?s=96&d=mm&r=g","caption":"admin2022"},"sameAs":["https:\/\/labex-entreprendre.online"],"url":"https:\/\/labex-entreprendre.fr\/?author=1"}]}},"_links":{"self":[{"href":"https:\/\/labex-entreprendre.fr\/index.php?rest_route=\/wp\/v2\/posts\/1172","targetHints":{"allow":["GET"]}}],"collection":[{"href":"https:\/\/labex-entreprendre.fr\/index.php?rest_route=\/wp\/v2\/posts"}],"about":[{"href":"https:\/\/labex-entreprendre.fr\/index.php?rest_route=\/wp\/v2\/types\/post"}],"author":[{"embeddable":true,"href":"https:\/\/labex-entreprendre.fr\/index.php?rest_route=\/wp\/v2\/users\/1"}],"replies":[{"embeddable":true,"href":"https:\/\/labex-entreprendre.fr\/index.php?rest_route=%2Fwp%2Fv2%2Fcomments&post=1172"}],"version-history":[{"count":6,"href":"https:\/\/labex-entreprendre.fr\/index.php?rest_route=\/wp\/v2\/posts\/1172\/revisions"}],"predecessor-version":[{"id":2776,"href":"https:\/\/labex-entreprendre.fr\/index.php?rest_route=\/wp\/v2\/posts\/1172\/revisions\/2776"}],"wp:featuredmedia":[{"embeddable":true,"href":"https:\/\/labex-entreprendre.fr\/index.php?rest_route=\/wp\/v2\/media\/1173"}],"wp:attachment":[{"href":"https:\/\/labex-entreprendre.fr\/index.php?rest_route=%2Fwp%2Fv2%2Fmedia&parent=1172"}],"wp:term":[{"taxonomy":"category","embeddable":true,"href":"https:\/\/labex-entreprendre.fr\/index.php?rest_route=%2Fwp%2Fv2%2Fcategories&post=1172"},{"taxonomy":"post_tag","embeddable":true,"href":"https:\/\/labex-entreprendre.fr\/index.php?rest_route=%2Fwp%2Fv2%2Ftags&post=1172"}],"curies":[{"name":"wp","href":"https:\/\/api.w.org\/{rel}","templated":true}]}}